{"id":1362,"date":"2015-06-15T14:31:22","date_gmt":"2015-06-15T12:31:22","guid":{"rendered":"http:\/\/www.munich-business-school.de\/insights\/?p=1362"},"modified":"2016-03-08T17:44:14","modified_gmt":"2016-03-08T16:44:14","slug":"volontarstag-der-audi-ag-interview-und-moderationstraining","status":"publish","type":"post","link":"https:\/\/www.munich-business-school.de\/insights\/2015\/volontarstag-der-audi-ag-interview-und-moderationstraining\/","title":{"rendered":"Volont\u00e4rstag der AUDI AG: Interview- und Moderationstraining"},"content":{"rendered":"<p>Die Volont\u00e4re der Kommunikationsabteilung der AUDI AG waren am Montag, den 15. Juni, zu Gast am Audi Institut f\u00fcr Sportkommunikation an der Munich Business School. Der zweite Volont\u00e4rstag dieses Jahres stand unter dem Thema &#8222;Moderation und Interview&#8220;.<\/p>\n<p>Mit Wolf-Dieter Poschmann, Chefreporter der ZDF-Hauptredaktion &#8222;Sport&#8220;, hatten die Volont\u00e4re die M\u00f6glichkeit, von einem Experten zu lernen und wertvolle Tipps aus der Praxis zu bekommen. Auf der Tagesordnung standen neben der Vermittlung theoretischer Grundlagen auch praktische \u00dcbungen. Die Volont\u00e4re mussten sich den Herausforderungen des Live-Reporters stellen und TV-Sequenzen moderieren. Auch ein Interviewtraining stand auf der Agenda. Wolf-Dieter Poschmann gab den Audi Volont\u00e4ren mit seinen Geschichten aus dem N\u00e4hk\u00e4stchen wertvolle Eindr\u00fccke aus seinem Arbeitsalltages und rundete den lehrreichen Tag ab.<\/p>\n","protected":false},"excerpt":{"rendered":"<div class=\"mh-excerpt\"><p>Die Volont\u00e4re der Kommunikationsabteilung der AUDI AG waren am Montag, den 15. Juni, zu Gast am Audi Institut f\u00fcr Sportkommunikation an der Munich Business School. Der zweite Volont\u00e4rstag dieses Jahres stand unter dem Thema &#8222;Moderation <a class=\"mh-excerpt-more\" href=\"https:\/\/www.munich-business-school.de\/insights\/2015\/volontarstag-der-audi-ag-interview-und-moderationstraining\/\" title=\"Volont\u00e4rstag der AUDI AG: Interview- und Moderationstraining\">[&#8230;]<\/a><\/p>\n<\/div>","protected":false},"author":26,"featured_media":1364,"comment_status":"closed","ping_status":"open","sticky":false,"template":"","format":"standard","meta":{"footnotes":""},"categories":[10430,10432],"tags":[129,133,635,3111],"coauthors":[685],"class_list":["post-1362","post","type-post","status-publish","format-standard","has-post-thumbnail","hentry","category-archiv","category-archive","tag-audi-de","tag-audi-institut-fur-sportkommunikation-de","tag-volontarstage","tag-wolf-dieter-poschmann"],"yoast_head":"<!-- This site is optimized with the Yoast SEO plugin v27.1.1 - https:\/\/yoast.com\/product\/yoast-seo-wordpress\/ -->\n<title>Blog Munich Business School<\/title>\n<meta name=\"description\" content=\"Blog Munich Business School\" \/>\n<meta name=\"robots\" content=\"index, follow, max-snippet:-1, max-image-preview:large, max-video-preview:-1\" \/>\n<link rel=\"canonical\" href=\"https:\/\/www.munich-business-school.de\/insights\/2015\/volontarstag-der-audi-ag-interview-und-moderationstraining\/\" \/>\n<meta property=\"og:locale\" content=\"de_DE\" \/>\n<meta property=\"og:type\" content=\"article\" \/>\n<meta property=\"og:title\" content=\"Blog Munich Business School\" \/>\n<meta property=\"og:description\" content=\"Blog Munich Business School\" \/>\n<meta property=\"og:url\" content=\"https:\/\/www.munich-business-school.de\/insights\/2015\/volontarstag-der-audi-ag-interview-und-moderationstraining\/\" \/>\n<meta property=\"og:site_name\" content=\"Munich Business School Insights\" \/>\n<meta property=\"article:publisher\" content=\"https:\/\/www.facebook.com\/Munich.Business.School\/\" \/>\n<meta property=\"article:published_time\" content=\"2015-06-15T12:31:22+00:00\" \/>\n<meta property=\"article:modified_time\" content=\"2016-03-08T16:44:14+00:00\" \/>\n<meta property=\"og:image\" content=\"https:\/\/www.munich-business-school.de\/insights\/wp-content\/uploads\/2015\/06\/Volotag2015.jpg\" \/>\n\t<meta property=\"og:image:width\" content=\"1039\" \/>\n\t<meta property=\"og:image:height\" content=\"463\" \/>\n\t<meta property=\"og:image:type\" content=\"image\/jpeg\" \/>\n<meta name=\"author\" content=\"MBS\" \/>\n<meta name=\"twitter:card\" content=\"summary_large_image\" \/>\n<meta name=\"twitter:creator\" content=\"@MunichBSchool\" \/>\n<meta name=\"twitter:site\" content=\"@MunichBSchool\" \/>\n<meta name=\"twitter:label1\" content=\"Verfasst von\" \/>\n\t<meta name=\"twitter:data1\" content=\"MBS\" \/>\n\t<meta name=\"twitter:label2\" content=\"Gesch\u00e4tzte Lesezeit\" \/>\n\t<meta name=\"twitter:data2\" content=\"1\u00a0Minute\" \/>\n\t<meta name=\"twitter:label3\" content=\"Written by\" \/>\n\t<meta name=\"twitter:data3\" content=\"MBS\" \/>\n<script type=\"application\/ld+json\" class=\"yoast-schema-graph\">{\"@context\":\"https:\/\/schema.org\",\"@graph\":[{\"@type\":\"Article\",\"@id\":\"https:\/\/www.munich-business-school.de\/insights\/2015\/volontarstag-der-audi-ag-interview-und-moderationstraining\/#article\",\"isPartOf\":{\"@id\":\"https:\/\/www.munich-business-school.de\/insights\/2015\/volontarstag-der-audi-ag-interview-und-moderationstraining\/\"},\"author\":{\"name\":\"MBS\",\"@id\":\"https:\/\/www.munich-business-school.de\/insights\/#\/schema\/person\/69bdbdb2c808a1956492af2820a2a820\"},\"headline\":\"Volont\u00e4rstag der AUDI AG: Interview- und Moderationstraining\",\"datePublished\":\"2015-06-15T12:31:22+00:00\",\"dateModified\":\"2016-03-08T16:44:14+00:00\",\"mainEntityOfPage\":{\"@id\":\"https:\/\/www.munich-business-school.de\/insights\/2015\/volontarstag-der-audi-ag-interview-und-moderationstraining\/\"},\"wordCount\":133,\"publisher\":{\"@id\":\"https:\/\/www.munich-business-school.de\/insights\/#organization\"},\"image\":{\"@id\":\"https:\/\/www.munich-business-school.de\/insights\/2015\/volontarstag-der-audi-ag-interview-und-moderationstraining\/#primaryimage\"},\"thumbnailUrl\":\"https:\/\/www.munich-business-school.de\/insights\/wp-content\/uploads\/2015\/06\/Volotag2015.jpg\",\"keywords\":[\"Audi\",\"Audi Institut f\u00fcr Sportkommunikation\",\"Volont\u00e4rstage\",\"Wolf-Dieter Poschmann\"],\"articleSection\":[\"Archiv\",\"Archive\"],\"inLanguage\":\"de\"},{\"@type\":\"WebPage\",\"@id\":\"https:\/\/www.munich-business-school.de\/insights\/2015\/volontarstag-der-audi-ag-interview-und-moderationstraining\/\",\"url\":\"https:\/\/www.munich-business-school.de\/insights\/2015\/volontarstag-der-audi-ag-interview-und-moderationstraining\/\",\"name\":\"Blog Munich Business School\",\"isPartOf\":{\"@id\":\"https:\/\/www.munich-business-school.de\/insights\/#website\"},\"primaryImageOfPage\":{\"@id\":\"https:\/\/www.munich-business-school.de\/insights\/2015\/volontarstag-der-audi-ag-interview-und-moderationstraining\/#primaryimage\"},\"image\":{\"@id\":\"https:\/\/www.munich-business-school.de\/insights\/2015\/volontarstag-der-audi-ag-interview-und-moderationstraining\/#primaryimage\"},\"thumbnailUrl\":\"https:\/\/www.munich-business-school.de\/insights\/wp-content\/uploads\/2015\/06\/Volotag2015.jpg\",\"datePublished\":\"2015-06-15T12:31:22+00:00\",\"dateModified\":\"2016-03-08T16:44:14+00:00\",\"description\":\"Blog Munich Business School\",\"breadcrumb\":{\"@id\":\"https:\/\/www.munich-business-school.de\/insights\/2015\/volontarstag-der-audi-ag-interview-und-moderationstraining\/#breadcrumb\"},\"inLanguage\":\"de\",\"potentialAction\":[{\"@type\":\"ReadAction\",\"target\":[\"https:\/\/www.munich-business-school.de\/insights\/2015\/volontarstag-der-audi-ag-interview-und-moderationstraining\/\"]}]},{\"@type\":\"ImageObject\",\"inLanguage\":\"de\",\"@id\":\"https:\/\/www.munich-business-school.de\/insights\/2015\/volontarstag-der-audi-ag-interview-und-moderationstraining\/#primaryimage\",\"url\":\"https:\/\/www.munich-business-school.de\/insights\/wp-content\/uploads\/2015\/06\/Volotag2015.jpg\",\"contentUrl\":\"https:\/\/www.munich-business-school.de\/insights\/wp-content\/uploads\/2015\/06\/Volotag2015.jpg\",\"width\":1039,\"height\":463,\"caption\":\"Wolf-Dieter Poschmann und die Audi-Volont\u00e4re an der Munich Business School\"},{\"@type\":\"BreadcrumbList\",\"@id\":\"https:\/\/www.munich-business-school.de\/insights\/2015\/volontarstag-der-audi-ag-interview-und-moderationstraining\/#breadcrumb\",\"itemListElement\":[{\"@type\":\"ListItem\",\"position\":1,\"name\":\"Home\",\"item\":\"https:\/\/www.munich-business-school.de\/insights\/en\/home\/\"},{\"@type\":\"ListItem\",\"position\":2,\"name\":\"Archiv\",\"item\":\"https:\/\/www.munich-business-school.de\/insights\/category\/archiv\/\"},{\"@type\":\"ListItem\",\"position\":3,\"name\":\"Volont\u00e4rstag der AUDI AG: Interview- und Moderationstraining\"}]},{\"@type\":\"WebSite\",\"@id\":\"https:\/\/www.munich-business-school.de\/insights\/#website\",\"url\":\"https:\/\/www.munich-business-school.de\/insights\/\",\"name\":\"Munich Business School Insights\",\"description\":\"Der Hochschulblog der Munich Business School: News zu Studium, Forschung, Lehre und Wirtschaft\",\"publisher\":{\"@id\":\"https:\/\/www.munich-business-school.de\/insights\/#organization\"},\"potentialAction\":[{\"@type\":\"SearchAction\",\"target\":{\"@type\":\"EntryPoint\",\"urlTemplate\":\"https:\/\/www.munich-business-school.de\/insights\/?s={search_term_string}\"},\"query-input\":{\"@type\":\"PropertyValueSpecification\",\"valueRequired\":true,\"valueName\":\"search_term_string\"}}],\"inLanguage\":\"de\"},{\"@type\":\"Organization\",\"@id\":\"https:\/\/www.munich-business-school.de\/insights\/#organization\",\"name\":\"Munich Business School\",\"url\":\"https:\/\/www.munich-business-school.de\/insights\/\",\"logo\":{\"@type\":\"ImageObject\",\"inLanguage\":\"de\",\"@id\":\"https:\/\/www.munich-business-school.de\/insights\/#\/schema\/logo\/image\/\",\"url\":\"https:\/\/www.munich-business-school.de\/insights\/wp-content\/uploads\/2018\/02\/b_MBS.png\",\"contentUrl\":\"https:\/\/www.munich-business-school.de\/insights\/wp-content\/uploads\/2018\/02\/b_MBS.png\",\"width\":567,\"height\":288,\"caption\":\"Munich Business School\"},\"image\":{\"@id\":\"https:\/\/www.munich-business-school.de\/insights\/#\/schema\/logo\/image\/\"},\"sameAs\":[\"https:\/\/www.facebook.com\/Munich.Business.School\/\",\"https:\/\/x.com\/MunichBSchool\",\"https:\/\/www.instagram.com\/munichbschool\/\",\"https:\/\/www.linkedin.com\/school\/388042\/\",\"https:\/\/www.youtube.com\/MunichBSchool\"]},{\"@type\":\"Person\",\"@id\":\"https:\/\/www.munich-business-school.de\/insights\/#\/schema\/person\/69bdbdb2c808a1956492af2820a2a820\",\"name\":\"MBS\",\"image\":{\"@type\":\"ImageObject\",\"inLanguage\":\"de\",\"@id\":\"https:\/\/www.munich-business-school.de\/insights\/#\/schema\/person\/image\/56172a01f644aa552b30b1fc7036db83\",\"url\":\"https:\/\/www.munich-business-school.de\/insights\/wp-content\/uploads\/2024\/11\/cropped-MBS-Munich-Business-School-Icon-96x96.png\",\"contentUrl\":\"https:\/\/www.munich-business-school.de\/insights\/wp-content\/uploads\/2024\/11\/cropped-MBS-Munich-Business-School-Icon-96x96.png\",\"caption\":\"MBS\"},\"url\":\"https:\/\/www.munich-business-school.de\/insights\/author\/mbs\/\"}]}<\/script>\n<!-- \/ Yoast SEO plugin. -->","yoast_head_json":{"title":"Blog Munich Business School","description":"Blog Munich Business School","robots":{"index":"index","follow":"follow","max-snippet":"max-snippet:-1","max-image-preview":"max-image-preview:large","max-video-preview":"max-video-preview:-1"},"canonical":"https:\/\/www.munich-business-school.de\/insights\/2015\/volontarstag-der-audi-ag-interview-und-moderationstraining\/","og_locale":"de_DE","og_type":"article","og_title":"Blog Munich Business School","og_description":"Blog Munich Business School","og_url":"https:\/\/www.munich-business-school.de\/insights\/2015\/volontarstag-der-audi-ag-interview-und-moderationstraining\/","og_site_name":"Munich Business School Insights","article_publisher":"https:\/\/www.facebook.com\/Munich.Business.School\/","article_published_time":"2015-06-15T12:31:22+00:00","article_modified_time":"2016-03-08T16:44:14+00:00","og_image":[{"width":1039,"height":463,"url":"https:\/\/www.munich-business-school.de\/insights\/wp-content\/uploads\/2015\/06\/Volotag2015.jpg","type":"image\/jpeg"}],"author":"MBS","twitter_card":"summary_large_image","twitter_creator":"@MunichBSchool","twitter_site":"@MunichBSchool","twitter_misc":{"Verfasst von":"MBS","Gesch\u00e4tzte Lesezeit":"1\u00a0Minute","Written by":"MBS"},"schema":{"@context":"https:\/\/schema.org","@graph":[{"@type":"Article","@id":"https:\/\/www.munich-business-school.de\/insights\/2015\/volontarstag-der-audi-ag-interview-und-moderationstraining\/#article","isPartOf":{"@id":"https:\/\/www.munich-business-school.de\/insights\/2015\/volontarstag-der-audi-ag-interview-und-moderationstraining\/"},"author":{"name":"MBS","@id":"https:\/\/www.munich-business-school.de\/insights\/#\/schema\/person\/69bdbdb2c808a1956492af2820a2a820"},"headline":"Volont\u00e4rstag der AUDI AG: Interview- und Moderationstraining","datePublished":"2015-06-15T12:31:22+00:00","dateModified":"2016-03-08T16:44:14+00:00","mainEntityOfPage":{"@id":"https:\/\/www.munich-business-school.de\/insights\/2015\/volontarstag-der-audi-ag-interview-und-moderationstraining\/"},"wordCount":133,"publisher":{"@id":"https:\/\/www.munich-business-school.de\/insights\/#organization"},"image":{"@id":"https:\/\/www.munich-business-school.de\/insights\/2015\/volontarstag-der-audi-ag-interview-und-moderationstraining\/#primaryimage"},"thumbnailUrl":"https:\/\/www.munich-business-school.de\/insights\/wp-content\/uploads\/2015\/06\/Volotag2015.jpg","keywords":["Audi","Audi Institut f\u00fcr Sportkommunikation","Volont\u00e4rstage","Wolf-Dieter Poschmann"],"articleSection":["Archiv","Archive"],"inLanguage":"de"},{"@type":"WebPage","@id":"https:\/\/www.munich-business-school.de\/insights\/2015\/volontarstag-der-audi-ag-interview-und-moderationstraining\/","url":"https:\/\/www.munich-business-school.de\/insights\/2015\/volontarstag-der-audi-ag-interview-und-moderationstraining\/","name":"Blog Munich Business School","isPartOf":{"@id":"https:\/\/www.munich-business-school.de\/insights\/#website"},"primaryImageOfPage":{"@id":"https:\/\/www.munich-business-school.de\/insights\/2015\/volontarstag-der-audi-ag-interview-und-moderationstraining\/#primaryimage"},"image":{"@id":"https:\/\/www.munich-business-school.de\/insights\/2015\/volontarstag-der-audi-ag-interview-und-moderationstraining\/#primaryimage"},"thumbnailUrl":"https:\/\/www.munich-business-school.de\/insights\/wp-content\/uploads\/2015\/06\/Volotag2015.jpg","datePublished":"2015-06-15T12:31:22+00:00","dateModified":"2016-03-08T16:44:14+00:00","description":"Blog Munich Business School","breadcrumb":{"@id":"https:\/\/www.munich-business-school.de\/insights\/2015\/volontarstag-der-audi-ag-interview-und-moderationstraining\/#breadcrumb"},"inLanguage":"de","potentialAction":[{"@type":"ReadAction","target":["https:\/\/www.munich-business-school.de\/insights\/2015\/volontarstag-der-audi-ag-interview-und-moderationstraining\/"]}]},{"@type":"ImageObject","inLanguage":"de","@id":"https:\/\/www.munich-business-school.de\/insights\/2015\/volontarstag-der-audi-ag-interview-und-moderationstraining\/#primaryimage","url":"https:\/\/www.munich-business-school.de\/insights\/wp-content\/uploads\/2015\/06\/Volotag2015.jpg","contentUrl":"https:\/\/www.munich-business-school.de\/insights\/wp-content\/uploads\/2015\/06\/Volotag2015.jpg","width":1039,"height":463,"caption":"Wolf-Dieter Poschmann und die Audi-Volont\u00e4re an der Munich Business School"},{"@type":"BreadcrumbList","@id":"https:\/\/www.munich-business-school.de\/insights\/2015\/volontarstag-der-audi-ag-interview-und-moderationstraining\/#breadcrumb","itemListElement":[{"@type":"ListItem","position":1,"name":"Home","item":"https:\/\/www.munich-business-school.de\/insights\/en\/home\/"},{"@type":"ListItem","position":2,"name":"Archiv","item":"https:\/\/www.munich-business-school.de\/insights\/category\/archiv\/"},{"@type":"ListItem","position":3,"name":"Volont\u00e4rstag der AUDI AG: Interview- und Moderationstraining"}]},{"@type":"WebSite","@id":"https:\/\/www.munich-business-school.de\/insights\/#website","url":"https:\/\/www.munich-business-school.de\/insights\/","name":"Munich Business School Insights","description":"Der Hochschulblog der Munich Business School: News zu Studium, Forschung, Lehre und Wirtschaft","publisher":{"@id":"https:\/\/www.munich-business-school.de\/insights\/#organization"},"potentialAction":[{"@type":"SearchAction","target":{"@type":"EntryPoint","urlTemplate":"https:\/\/www.munich-business-school.de\/insights\/?s={search_term_string}"},"query-input":{"@type":"PropertyValueSpecification","valueRequired":true,"valueName":"search_term_string"}}],"inLanguage":"de"},{"@type":"Organization","@id":"https:\/\/www.munich-business-school.de\/insights\/#organization","name":"Munich Business School","url":"https:\/\/www.munich-business-school.de\/insights\/","logo":{"@type":"ImageObject","inLanguage":"de","@id":"https:\/\/www.munich-business-school.de\/insights\/#\/schema\/logo\/image\/","url":"https:\/\/www.munich-business-school.de\/insights\/wp-content\/uploads\/2018\/02\/b_MBS.png","contentUrl":"https:\/\/www.munich-business-school.de\/insights\/wp-content\/uploads\/2018\/02\/b_MBS.png","width":567,"height":288,"caption":"Munich Business School"},"image":{"@id":"https:\/\/www.munich-business-school.de\/insights\/#\/schema\/logo\/image\/"},"sameAs":["https:\/\/www.facebook.com\/Munich.Business.School\/","https:\/\/x.com\/MunichBSchool","https:\/\/www.instagram.com\/munichbschool\/","https:\/\/www.linkedin.com\/school\/388042\/","https:\/\/www.youtube.com\/MunichBSchool"]},{"@type":"Person","@id":"https:\/\/www.munich-business-school.de\/insights\/#\/schema\/person\/69bdbdb2c808a1956492af2820a2a820","name":"MBS","image":{"@type":"ImageObject","inLanguage":"de","@id":"https:\/\/www.munich-business-school.de\/insights\/#\/schema\/person\/image\/56172a01f644aa552b30b1fc7036db83","url":"https:\/\/www.munich-business-school.de\/insights\/wp-content\/uploads\/2024\/11\/cropped-MBS-Munich-Business-School-Icon-96x96.png","contentUrl":"https:\/\/www.munich-business-school.de\/insights\/wp-content\/uploads\/2024\/11\/cropped-MBS-Munich-Business-School-Icon-96x96.png","caption":"MBS"},"url":"https:\/\/www.munich-business-school.de\/insights\/author\/mbs\/"}]}},"_links":{"self":[{"href":"https:\/\/www.munich-business-school.de\/insights\/wp-json\/wp\/v2\/posts\/1362","targetHints":{"allow":["GET"]}}],"collection":[{"href":"https:\/\/www.munich-business-school.de\/insights\/wp-json\/wp\/v2\/posts"}],"about":[{"href":"https:\/\/www.munich-business-school.de\/insights\/wp-json\/wp\/v2\/types\/post"}],"author":[{"embeddable":true,"href":"https:\/\/www.munich-business-school.de\/insights\/wp-json\/wp\/v2\/users\/26"}],"replies":[{"embeddable":true,"href":"https:\/\/www.munich-business-school.de\/insights\/wp-json\/wp\/v2\/comments?post=1362"}],"version-history":[{"count":2,"href":"https:\/\/www.munich-business-school.de\/insights\/wp-json\/wp\/v2\/posts\/1362\/revisions"}],"predecessor-version":[{"id":2546,"href":"https:\/\/www.munich-business-school.de\/insights\/wp-json\/wp\/v2\/posts\/1362\/revisions\/2546"}],"wp:featuredmedia":[{"embeddable":true,"href":"https:\/\/www.munich-business-school.de\/insights\/wp-json\/wp\/v2\/media\/1364"}],"wp:attachment":[{"href":"https:\/\/www.munich-business-school.de\/insights\/wp-json\/wp\/v2\/media?parent=1362"}],"wp:term":[{"taxonomy":"category","embeddable":true,"href":"https:\/\/www.munich-business-school.de\/insights\/wp-json\/wp\/v2\/categories?post=1362"},{"taxonomy":"post_tag","embeddable":true,"href":"https:\/\/www.munich-business-school.de\/insights\/wp-json\/wp\/v2\/tags?post=1362"},{"taxonomy":"author","embeddable":true,"href":"https:\/\/www.munich-business-school.de\/insights\/wp-json\/wp\/v2\/coauthors?post=1362"}],"curies":[{"name":"wp","href":"https:\/\/api.w.org\/{rel}","templated":true}]}}