{"id":13886,"date":"2020-02-27T16:51:53","date_gmt":"2020-02-27T15:51:53","guid":{"rendered":"https:\/\/www.munich-business-school.de\/insights\/?p=13886"},"modified":"2023-02-16T14:25:43","modified_gmt":"2023-02-16T13:25:43","slug":"mbs-feiert-lateinamerikanischen-karneval","status":"publish","type":"post","link":"https:\/\/www.munich-business-school.de\/insights\/2020\/mbs-feiert-lateinamerikanischen-karneval\/","title":{"rendered":"MBS feiert lateinamerikanischen Karneval"},"content":{"rendered":"\n<p>Venedig, Santa Cruz de Tenerife und K\u00f6ln gelten als wichtigste Karneval-Hotspots in Europa. Traditionell stammt der Karneval aus den r\u00f6misch-katholischen L\u00e4ndern des alten Kontinents, wo die Gl\u00e4ubigen vor der Fastenzeit feierten und ihren Leidenschaften fr\u00f6nten. Von L\u00e4ndern wie Spanien und Portugal verbreitete sich der Karneval schlie\u00dflich auch nach Lateinamerika und in die Karibik.<\/p>\n\n\n\n<p>Aufgrund regionaler und internationaler Einfl\u00fcsse haben die Karnevalsfeste in Lateinamerika ein einzigartiges und farbenfrohes Flair. In dieser Region findet der Karneval von Ende Januar bis Anfang M\u00e4rz, bis zum Beginn der Fastenzeit statt. Millionen von Menschen, darunter viele Touristen aus der ganzen Welt, zieht es nach drau\u00dfen auf die Stra\u00dfen, um zu Livemusik zu tanzen, zu trinken und um sich zu am\u00fcsieren.<\/p>\n\n\n\n<figure class=\"wp-block-gallery has-nested-images columns-3 is-cropped wp-block-gallery-1 is-layout-flex wp-block-gallery-is-layout-flex\">\n<figure class=\"wp-block-image size-large\"><a href=\"https:\/\/www.munich-business-school.de\/insights\/wp-content\/uploads\/2020\/02\/IMG-20200219-WA0009.jpg\"><img loading=\"lazy\" decoding=\"async\" width=\"1024\" height=\"768\" data-id=\"13899\" src=\"https:\/\/www.munich-business-school.de\/insights\/wp-content\/uploads\/2020\/02\/IMG-20200219-WA0009-1024x768.jpg\" alt=\"Celebrating Carnival @ MBS\" class=\"wp-image-13899\" srcset=\"https:\/\/www.munich-business-school.de\/insights\/wp-content\/uploads\/2020\/02\/IMG-20200219-WA0009-1024x768.jpg 1024w, https:\/\/www.munich-business-school.de\/insights\/wp-content\/uploads\/2020\/02\/IMG-20200219-WA0009-267x200.jpg 267w, https:\/\/www.munich-business-school.de\/insights\/wp-content\/uploads\/2020\/02\/IMG-20200219-WA0009-326x245.jpg 326w, https:\/\/www.munich-business-school.de\/insights\/wp-content\/uploads\/2020\/02\/IMG-20200219-WA0009-80x60.jpg 80w, https:\/\/www.munich-business-school.de\/insights\/wp-content\/uploads\/2020\/02\/IMG-20200219-WA0009.jpg 1280w\" sizes=\"auto, (max-width: 1024px) 100vw, 1024px\" \/><\/a><\/figure>\n\n\n\n<figure class=\"wp-block-image size-large\"><a href=\"https:\/\/www.munich-business-school.de\/insights\/wp-content\/uploads\/2020\/02\/IMG-20200219-WA0008.jpg\"><img loading=\"lazy\" decoding=\"async\" width=\"1024\" height=\"768\" data-id=\"13900\" src=\"https:\/\/www.munich-business-school.de\/insights\/wp-content\/uploads\/2020\/02\/IMG-20200219-WA0008-1024x768.jpg\" alt=\"Celebrating Carnival @ MBS\" class=\"wp-image-13900\" srcset=\"https:\/\/www.munich-business-school.de\/insights\/wp-content\/uploads\/2020\/02\/IMG-20200219-WA0008-1024x768.jpg 1024w, https:\/\/www.munich-business-school.de\/insights\/wp-content\/uploads\/2020\/02\/IMG-20200219-WA0008-267x200.jpg 267w, https:\/\/www.munich-business-school.de\/insights\/wp-content\/uploads\/2020\/02\/IMG-20200219-WA0008-326x245.jpg 326w, https:\/\/www.munich-business-school.de\/insights\/wp-content\/uploads\/2020\/02\/IMG-20200219-WA0008-80x60.jpg 80w, https:\/\/www.munich-business-school.de\/insights\/wp-content\/uploads\/2020\/02\/IMG-20200219-WA0008.jpg 1280w\" sizes=\"auto, (max-width: 1024px) 100vw, 1024px\" \/><\/a><\/figure>\n\n\n\n<figure class=\"wp-block-image size-large\"><a href=\"https:\/\/www.munich-business-school.de\/insights\/wp-content\/uploads\/2020\/02\/IMG-20200219-WA0004.jpg\"><img loading=\"lazy\" decoding=\"async\" width=\"1024\" height=\"768\" data-id=\"13901\" src=\"https:\/\/www.munich-business-school.de\/insights\/wp-content\/uploads\/2020\/02\/IMG-20200219-WA0004-1024x768.jpg\" alt=\"Celebrating Carnival @ MBS\" class=\"wp-image-13901\" srcset=\"https:\/\/www.munich-business-school.de\/insights\/wp-content\/uploads\/2020\/02\/IMG-20200219-WA0004-1024x768.jpg 1024w, https:\/\/www.munich-business-school.de\/insights\/wp-content\/uploads\/2020\/02\/IMG-20200219-WA0004-267x200.jpg 267w, https:\/\/www.munich-business-school.de\/insights\/wp-content\/uploads\/2020\/02\/IMG-20200219-WA0004-326x245.jpg 326w, https:\/\/www.munich-business-school.de\/insights\/wp-content\/uploads\/2020\/02\/IMG-20200219-WA0004-80x60.jpg 80w, https:\/\/www.munich-business-school.de\/insights\/wp-content\/uploads\/2020\/02\/IMG-20200219-WA0004.jpg 1280w\" sizes=\"auto, (max-width: 1024px) 100vw, 1024px\" \/><\/a><\/figure>\n<\/figure>\n\n\n\n<p>Lateinamerika hat sich zu einem Synonym f\u00fcr einige der besten Karnevalsfeste weltweit entwickelt. Aus diesem Grund und um die lateinamerikanischen Kulturen zu feiern, hatten das <a href=\"https:\/\/www.munich-business-school.de\/de\/international\/international-center.html\">International Center der MBS<\/a> und der MBS International Club, vertreten durch Catarina Capelo Moreira und Adrain Haug, die Idee, zum ersten Mal eine lateinamerikanische Karnevalsparty zu organisieren.<\/p>\n\n\n\n<p>Bald hatten wir ein motiviertes und talentiertes Team mit Studierenden aus f\u00fcnf verschiedenen Kontinenten beisammen. Das Team integrierte mehrere Traditionen lateinamerikanischer Karnevalsfestlichkeiten in das Konzept unseres Festivals, wie lokales Essen und Trinken, Musik und T\u00e4nze. Nat\u00fcrlich war die lateinamerikanische Lebensfreude die Voraussetzung f\u00fcr eine unvergessliche Veranstaltung an der MBS!<\/p>\n\n\n\n<figure class=\"wp-block-gallery has-nested-images columns-4 is-cropped wp-block-gallery-2 is-layout-flex wp-block-gallery-is-layout-flex\">\n<figure class=\"wp-block-image size-large\"><a href=\"https:\/\/www.munich-business-school.de\/insights\/wp-content\/uploads\/2020\/02\/IMG-20200219-WA0022.jpg\"><img loading=\"lazy\" decoding=\"async\" width=\"768\" height=\"1024\" data-id=\"13895\" src=\"https:\/\/www.munich-business-school.de\/insights\/wp-content\/uploads\/2020\/02\/IMG-20200219-WA0022-768x1024.jpg\" alt=\"Celebrating Carnival @ MBS\" class=\"wp-image-13895\" srcset=\"https:\/\/www.munich-business-school.de\/insights\/wp-content\/uploads\/2020\/02\/IMG-20200219-WA0022-768x1024.jpg 768w, https:\/\/www.munich-business-school.de\/insights\/wp-content\/uploads\/2020\/02\/IMG-20200219-WA0022-150x200.jpg 150w, https:\/\/www.munich-business-school.de\/insights\/wp-content\/uploads\/2020\/02\/IMG-20200219-WA0022.jpg 960w\" sizes=\"auto, (max-width: 768px) 100vw, 768px\" \/><\/a><\/figure>\n\n\n\n<figure class=\"wp-block-image size-large\"><a href=\"https:\/\/www.munich-business-school.de\/insights\/wp-content\/uploads\/2020\/02\/IMG-20200219-WA0020.jpg\"><img loading=\"lazy\" decoding=\"async\" width=\"768\" height=\"1024\" data-id=\"13896\" src=\"https:\/\/www.munich-business-school.de\/insights\/wp-content\/uploads\/2020\/02\/IMG-20200219-WA0020-768x1024.jpg\" alt=\"Celebrating Carnival @ MBS\" class=\"wp-image-13896\" srcset=\"https:\/\/www.munich-business-school.de\/insights\/wp-content\/uploads\/2020\/02\/IMG-20200219-WA0020-768x1024.jpg 768w, https:\/\/www.munich-business-school.de\/insights\/wp-content\/uploads\/2020\/02\/IMG-20200219-WA0020-150x200.jpg 150w, https:\/\/www.munich-business-school.de\/insights\/wp-content\/uploads\/2020\/02\/IMG-20200219-WA0020.jpg 960w\" sizes=\"auto, (max-width: 768px) 100vw, 768px\" \/><\/a><\/figure>\n\n\n\n<figure class=\"wp-block-image size-large\"><a href=\"https:\/\/www.munich-business-school.de\/insights\/wp-content\/uploads\/2020\/02\/IMG_20200218_211521-e1582708266903.jpg\"><img loading=\"lazy\" decoding=\"async\" width=\"768\" height=\"1024\" data-id=\"13911\" src=\"https:\/\/www.munich-business-school.de\/insights\/wp-content\/uploads\/2020\/02\/IMG_20200218_211521-e1582708266903-768x1024.jpg\" alt=\"Celebrating Carnival @ MBS\" class=\"wp-image-13911\" srcset=\"https:\/\/www.munich-business-school.de\/insights\/wp-content\/uploads\/2020\/02\/IMG_20200218_211521-e1582708266903-768x1024.jpg 768w, https:\/\/www.munich-business-school.de\/insights\/wp-content\/uploads\/2020\/02\/IMG_20200218_211521-e1582708266903-150x200.jpg 150w\" sizes=\"auto, (max-width: 768px) 100vw, 768px\" \/><\/a><\/figure>\n\n\n\n<figure class=\"wp-block-image size-large\"><a href=\"https:\/\/www.munich-business-school.de\/insights\/wp-content\/uploads\/2020\/02\/IMG-20200219-WA0085.jpg\"><img loading=\"lazy\" decoding=\"async\" width=\"682\" height=\"1024\" data-id=\"13905\" src=\"https:\/\/www.munich-business-school.de\/insights\/wp-content\/uploads\/2020\/02\/IMG-20200219-WA0085-682x1024.jpg\" alt=\"Celebrating Carnival @ MBS\" class=\"wp-image-13905\" srcset=\"https:\/\/www.munich-business-school.de\/insights\/wp-content\/uploads\/2020\/02\/IMG-20200219-WA0085-682x1024.jpg 682w, https:\/\/www.munich-business-school.de\/insights\/wp-content\/uploads\/2020\/02\/IMG-20200219-WA0085-133x200.jpg 133w, https:\/\/www.munich-business-school.de\/insights\/wp-content\/uploads\/2020\/02\/IMG-20200219-WA0085.jpg 853w\" sizes=\"auto, (max-width: 682px) 100vw, 682px\" \/><\/a><\/figure>\n<\/figure>\n\n\n\n<p>Die Party begann am 18. Februar um 18 Uhr in der MBS Lounge. Das Karnevalsteam hatte den Raum mit Luftballons, Luftschlangen, Flaggen, einer Selfiewand und einer Pi\u00f1ata dekoriert. Es gab regionaltypische Getr\u00e4nke und Speisen wie\u00a0<em>brigadeiro\u00a0<\/em>und exotische Fr\u00fcchte. Um 18:30 Uhr fand eine kurze Pr\u00e4sentation \u00fcber die Geschichte des Karneval in Latein America statt, gefolgt von einer Vorf\u00fchrung lateinamerikanischer Tanzstile. Schlie\u00dflich tanzten die G\u00e4ste zu den besten nationalen und internationalen lateinamerikanischen Hits durch die Nacht.<\/p>\n\n\n\n<figure class=\"wp-block-video\"><video height=\"1080\" style=\"aspect-ratio: 1920 \/ 1080;\" width=\"1920\" controls src=\"https:\/\/www.munich-business-school.de\/insights\/wp-content\/uploads\/2020\/02\/Dance-1.mp4.mp4\"><\/video><\/figure>\n\n\n\n<p>Wir sind stolz, eine fr\u00f6hliche Feier der Sch\u00f6nheit und Vielfalt Lateinamerikas f\u00fcr mehr als 100 Leute organisiert zu haben, und freuen uns schon, weitere Parties an der MBS zu organisieren!<\/p>\n","protected":false},"excerpt":{"rendered":"<div class=\"mh-excerpt\"><p>Venedig, Santa Cruz de Tenerife und K\u00f6ln gelten als wichtigste Karneval-Hotspots in Europa. Traditionell stammt der Karneval aus den r\u00f6misch-katholischen L\u00e4ndern des alten Kontinents, wo die Gl\u00e4ubigen vor der Fastenzeit feierten und ihren Leidenschaften fr\u00f6nten. <a class=\"mh-excerpt-more\" href=\"https:\/\/www.munich-business-school.de\/insights\/2020\/mbs-feiert-lateinamerikanischen-karneval\/\" title=\"MBS feiert lateinamerikanischen Karneval\">[&#8230;]<\/a><\/p>\n<\/div>","protected":false},"author":26,"featured_media":13894,"comment_status":"closed","ping_status":"closed","sticky":false,"template":"","format":"standard","meta":{"footnotes":""},"categories":[9,61,69,95,13,16,17,24,30],"tags":[8969,3121,8965,8970,8967],"coauthors":[685],"class_list":["post-13886","post","type-post","status-publish","format-standard","has-post-thumbnail","hentry","category-beitragsart","category-globaler-fokus","category-international-de","category-mbs-de","category-mbs-campus-community-de","category-mbs-news-de","category-mbs-programme","category-regionen","category-studierende","tag-feier","tag-international-center-de","tag-karneval","tag-mbs-international-club-de","tag-vielfalt"],"yoast_head":"<!-- This site is optimized with the Yoast SEO plugin v27.1.1 - https:\/\/yoast.com\/product\/yoast-seo-wordpress\/ -->\n<title>Munich Business School feiert lateinamerikanischen Karneval<\/title>\n<meta name=\"description\" content=\"An der Munich Business School eine Party zum lateinamerikanischen Karneval mit typischem Essen und Trinken, Musik und Tanz statt.\" \/>\n<meta name=\"robots\" content=\"index, follow, max-snippet:-1, max-image-preview:large, max-video-preview:-1\" \/>\n<link rel=\"canonical\" href=\"https:\/\/www.munich-business-school.de\/insights\/2020\/mbs-feiert-lateinamerikanischen-karneval\/\" \/>\n<meta property=\"og:locale\" content=\"de_DE\" \/>\n<meta property=\"og:type\" content=\"article\" \/>\n<meta property=\"og:title\" content=\"Munich Business School feiert lateinamerikanischen Karneval\" \/>\n<meta property=\"og:description\" content=\"An der Munich Business School eine Party zum lateinamerikanischen Karneval mit typischem Essen und Trinken, Musik und Tanz statt.\" \/>\n<meta property=\"og:url\" content=\"https:\/\/www.munich-business-school.de\/insights\/2020\/mbs-feiert-lateinamerikanischen-karneval\/\" \/>\n<meta property=\"og:site_name\" content=\"Munich Business School Insights\" \/>\n<meta property=\"article:publisher\" content=\"https:\/\/www.facebook.com\/Munich.Business.School\/\" \/>\n<meta property=\"article:published_time\" content=\"2020-02-27T15:51:53+00:00\" \/>\n<meta property=\"article:modified_time\" content=\"2023-02-16T13:25:43+00:00\" \/>\n<meta property=\"og:image\" content=\"https:\/\/www.munich-business-school.de\/insights\/wp-content\/uploads\/2020\/02\/Blog_IMG-20200219-WA0011.jpg\" \/>\n\t<meta property=\"og:image:width\" content=\"1280\" \/>\n\t<meta property=\"og:image:height\" content=\"690\" \/>\n\t<meta property=\"og:image:type\" content=\"image\/jpeg\" \/>\n<meta name=\"author\" content=\"MBS\" \/>\n<meta name=\"twitter:card\" content=\"summary_large_image\" \/>\n<meta name=\"twitter:creator\" content=\"@MunichBSchool\" \/>\n<meta name=\"twitter:site\" content=\"@MunichBSchool\" \/>\n<meta name=\"twitter:label1\" content=\"Verfasst von\" \/>\n\t<meta name=\"twitter:data1\" content=\"MBS\" \/>\n\t<meta name=\"twitter:label2\" content=\"Gesch\u00e4tzte Lesezeit\" \/>\n\t<meta name=\"twitter:data2\" content=\"4\u00a0Minuten\" \/>\n\t<meta name=\"twitter:label3\" content=\"Written by\" \/>\n\t<meta name=\"twitter:data3\" content=\"MBS\" \/>\n<script type=\"application\/ld+json\" class=\"yoast-schema-graph\">{\"@context\":\"https:\/\/schema.org\",\"@graph\":[{\"@type\":\"Article\",\"@id\":\"https:\/\/www.munich-business-school.de\/insights\/2020\/mbs-feiert-lateinamerikanischen-karneval\/#article\",\"isPartOf\":{\"@id\":\"https:\/\/www.munich-business-school.de\/insights\/2020\/mbs-feiert-lateinamerikanischen-karneval\/\"},\"author\":{\"name\":\"MBS\",\"@id\":\"https:\/\/www.munich-business-school.de\/insights\/#\/schema\/person\/69bdbdb2c808a1956492af2820a2a820\"},\"headline\":\"MBS feiert lateinamerikanischen Karneval\",\"datePublished\":\"2020-02-27T15:51:53+00:00\",\"dateModified\":\"2023-02-16T13:25:43+00:00\",\"mainEntityOfPage\":{\"@id\":\"https:\/\/www.munich-business-school.de\/insights\/2020\/mbs-feiert-lateinamerikanischen-karneval\/\"},\"wordCount\":349,\"publisher\":{\"@id\":\"https:\/\/www.munich-business-school.de\/insights\/#organization\"},\"image\":{\"@id\":\"https:\/\/www.munich-business-school.de\/insights\/2020\/mbs-feiert-lateinamerikanischen-karneval\/#primaryimage\"},\"thumbnailUrl\":\"https:\/\/www.munich-business-school.de\/insights\/wp-content\/uploads\/2020\/02\/Blog_IMG-20200219-WA0011.jpg\",\"keywords\":[\"Feier\",\"International Center\",\"Karneval\",\"MBS International Club\",\"Vielfalt\"],\"articleSection\":[\"Beitragsart\",\"Globaler Fokus\",\"International\",\"MBS\",\"MBS Campus &amp; Community\",\"MBS News\",\"MBS Programme\",\"Regionen\",\"Studierende\"],\"inLanguage\":\"de\"},{\"@type\":\"WebPage\",\"@id\":\"https:\/\/www.munich-business-school.de\/insights\/2020\/mbs-feiert-lateinamerikanischen-karneval\/\",\"url\":\"https:\/\/www.munich-business-school.de\/insights\/2020\/mbs-feiert-lateinamerikanischen-karneval\/\",\"name\":\"Munich Business School feiert lateinamerikanischen Karneval\",\"isPartOf\":{\"@id\":\"https:\/\/www.munich-business-school.de\/insights\/#website\"},\"primaryImageOfPage\":{\"@id\":\"https:\/\/www.munich-business-school.de\/insights\/2020\/mbs-feiert-lateinamerikanischen-karneval\/#primaryimage\"},\"image\":{\"@id\":\"https:\/\/www.munich-business-school.de\/insights\/2020\/mbs-feiert-lateinamerikanischen-karneval\/#primaryimage\"},\"thumbnailUrl\":\"https:\/\/www.munich-business-school.de\/insights\/wp-content\/uploads\/2020\/02\/Blog_IMG-20200219-WA0011.jpg\",\"datePublished\":\"2020-02-27T15:51:53+00:00\",\"dateModified\":\"2023-02-16T13:25:43+00:00\",\"description\":\"An der Munich Business School eine Party zum lateinamerikanischen Karneval mit typischem Essen und Trinken, Musik und Tanz statt.\",\"breadcrumb\":{\"@id\":\"https:\/\/www.munich-business-school.de\/insights\/2020\/mbs-feiert-lateinamerikanischen-karneval\/#breadcrumb\"},\"inLanguage\":\"de\",\"potentialAction\":[{\"@type\":\"ReadAction\",\"target\":[\"https:\/\/www.munich-business-school.de\/insights\/2020\/mbs-feiert-lateinamerikanischen-karneval\/\"]}]},{\"@type\":\"ImageObject\",\"inLanguage\":\"de\",\"@id\":\"https:\/\/www.munich-business-school.de\/insights\/2020\/mbs-feiert-lateinamerikanischen-karneval\/#primaryimage\",\"url\":\"https:\/\/www.munich-business-school.de\/insights\/wp-content\/uploads\/2020\/02\/Blog_IMG-20200219-WA0011.jpg\",\"contentUrl\":\"https:\/\/www.munich-business-school.de\/insights\/wp-content\/uploads\/2020\/02\/Blog_IMG-20200219-WA0011.jpg\",\"width\":1280,\"height\":690,\"caption\":\"Celebrating Carnival @ MBS\"},{\"@type\":\"BreadcrumbList\",\"@id\":\"https:\/\/www.munich-business-school.de\/insights\/2020\/mbs-feiert-lateinamerikanischen-karneval\/#breadcrumb\",\"itemListElement\":[{\"@type\":\"ListItem\",\"position\":1,\"name\":\"Home\",\"item\":\"https:\/\/www.munich-business-school.de\/insights\/en\/home\/\"},{\"@type\":\"ListItem\",\"position\":2,\"name\":\"Beitragsart\",\"item\":\"https:\/\/www.munich-business-school.de\/insights\/category\/beitragsart\/\"},{\"@type\":\"ListItem\",\"position\":3,\"name\":\"MBS feiert lateinamerikanischen Karneval\"}]},{\"@type\":\"WebSite\",\"@id\":\"https:\/\/www.munich-business-school.de\/insights\/#website\",\"url\":\"https:\/\/www.munich-business-school.de\/insights\/\",\"name\":\"Munich Business School Insights\",\"description\":\"Der Hochschulblog der Munich Business School: News zu Studium, Forschung, Lehre und Wirtschaft\",\"publisher\":{\"@id\":\"https:\/\/www.munich-business-school.de\/insights\/#organization\"},\"potentialAction\":[{\"@type\":\"SearchAction\",\"target\":{\"@type\":\"EntryPoint\",\"urlTemplate\":\"https:\/\/www.munich-business-school.de\/insights\/?s={search_term_string}\"},\"query-input\":{\"@type\":\"PropertyValueSpecification\",\"valueRequired\":true,\"valueName\":\"search_term_string\"}}],\"inLanguage\":\"de\"},{\"@type\":\"Organization\",\"@id\":\"https:\/\/www.munich-business-school.de\/insights\/#organization\",\"name\":\"Munich Business School\",\"url\":\"https:\/\/www.munich-business-school.de\/insights\/\",\"logo\":{\"@type\":\"ImageObject\",\"inLanguage\":\"de\",\"@id\":\"https:\/\/www.munich-business-school.de\/insights\/#\/schema\/logo\/image\/\",\"url\":\"https:\/\/www.munich-business-school.de\/insights\/wp-content\/uploads\/2018\/02\/b_MBS.png\",\"contentUrl\":\"https:\/\/www.munich-business-school.de\/insights\/wp-content\/uploads\/2018\/02\/b_MBS.png\",\"width\":567,\"height\":288,\"caption\":\"Munich Business School\"},\"image\":{\"@id\":\"https:\/\/www.munich-business-school.de\/insights\/#\/schema\/logo\/image\/\"},\"sameAs\":[\"https:\/\/www.facebook.com\/Munich.Business.School\/\",\"https:\/\/x.com\/MunichBSchool\",\"https:\/\/www.instagram.com\/munichbschool\/\",\"https:\/\/www.linkedin.com\/school\/388042\/\",\"https:\/\/www.youtube.com\/MunichBSchool\"]},{\"@type\":\"Person\",\"@id\":\"https:\/\/www.munich-business-school.de\/insights\/#\/schema\/person\/69bdbdb2c808a1956492af2820a2a820\",\"name\":\"MBS\",\"image\":{\"@type\":\"ImageObject\",\"inLanguage\":\"de\",\"@id\":\"https:\/\/www.munich-business-school.de\/insights\/#\/schema\/person\/image\/56172a01f644aa552b30b1fc7036db83\",\"url\":\"https:\/\/www.munich-business-school.de\/insights\/wp-content\/uploads\/2024\/11\/cropped-MBS-Munich-Business-School-Icon-96x96.png\",\"contentUrl\":\"https:\/\/www.munich-business-school.de\/insights\/wp-content\/uploads\/2024\/11\/cropped-MBS-Munich-Business-School-Icon-96x96.png\",\"caption\":\"MBS\"},\"url\":\"https:\/\/www.munich-business-school.de\/insights\/author\/mbs\/\"}]}<\/script>\n<!-- \/ Yoast SEO plugin. -->","yoast_head_json":{"title":"Munich Business School feiert lateinamerikanischen Karneval","description":"An der Munich Business School eine Party zum lateinamerikanischen Karneval mit typischem Essen und Trinken, Musik und Tanz statt.","robots":{"index":"index","follow":"follow","max-snippet":"max-snippet:-1","max-image-preview":"max-image-preview:large","max-video-preview":"max-video-preview:-1"},"canonical":"https:\/\/www.munich-business-school.de\/insights\/2020\/mbs-feiert-lateinamerikanischen-karneval\/","og_locale":"de_DE","og_type":"article","og_title":"Munich Business School feiert lateinamerikanischen Karneval","og_description":"An der Munich Business School eine Party zum lateinamerikanischen Karneval mit typischem Essen und Trinken, Musik und Tanz statt.","og_url":"https:\/\/www.munich-business-school.de\/insights\/2020\/mbs-feiert-lateinamerikanischen-karneval\/","og_site_name":"Munich Business School Insights","article_publisher":"https:\/\/www.facebook.com\/Munich.Business.School\/","article_published_time":"2020-02-27T15:51:53+00:00","article_modified_time":"2023-02-16T13:25:43+00:00","og_image":[{"width":1280,"height":690,"url":"https:\/\/www.munich-business-school.de\/insights\/wp-content\/uploads\/2020\/02\/Blog_IMG-20200219-WA0011.jpg","type":"image\/jpeg"}],"author":"MBS","twitter_card":"summary_large_image","twitter_creator":"@MunichBSchool","twitter_site":"@MunichBSchool","twitter_misc":{"Verfasst von":"MBS","Gesch\u00e4tzte Lesezeit":"4\u00a0Minuten","Written by":"MBS"},"schema":{"@context":"https:\/\/schema.org","@graph":[{"@type":"Article","@id":"https:\/\/www.munich-business-school.de\/insights\/2020\/mbs-feiert-lateinamerikanischen-karneval\/#article","isPartOf":{"@id":"https:\/\/www.munich-business-school.de\/insights\/2020\/mbs-feiert-lateinamerikanischen-karneval\/"},"author":{"name":"MBS","@id":"https:\/\/www.munich-business-school.de\/insights\/#\/schema\/person\/69bdbdb2c808a1956492af2820a2a820"},"headline":"MBS feiert lateinamerikanischen Karneval","datePublished":"2020-02-27T15:51:53+00:00","dateModified":"2023-02-16T13:25:43+00:00","mainEntityOfPage":{"@id":"https:\/\/www.munich-business-school.de\/insights\/2020\/mbs-feiert-lateinamerikanischen-karneval\/"},"wordCount":349,"publisher":{"@id":"https:\/\/www.munich-business-school.de\/insights\/#organization"},"image":{"@id":"https:\/\/www.munich-business-school.de\/insights\/2020\/mbs-feiert-lateinamerikanischen-karneval\/#primaryimage"},"thumbnailUrl":"https:\/\/www.munich-business-school.de\/insights\/wp-content\/uploads\/2020\/02\/Blog_IMG-20200219-WA0011.jpg","keywords":["Feier","International Center","Karneval","MBS International Club","Vielfalt"],"articleSection":["Beitragsart","Globaler Fokus","International","MBS","MBS Campus &amp; Community","MBS News","MBS Programme","Regionen","Studierende"],"inLanguage":"de"},{"@type":"WebPage","@id":"https:\/\/www.munich-business-school.de\/insights\/2020\/mbs-feiert-lateinamerikanischen-karneval\/","url":"https:\/\/www.munich-business-school.de\/insights\/2020\/mbs-feiert-lateinamerikanischen-karneval\/","name":"Munich Business School feiert lateinamerikanischen Karneval","isPartOf":{"@id":"https:\/\/www.munich-business-school.de\/insights\/#website"},"primaryImageOfPage":{"@id":"https:\/\/www.munich-business-school.de\/insights\/2020\/mbs-feiert-lateinamerikanischen-karneval\/#primaryimage"},"image":{"@id":"https:\/\/www.munich-business-school.de\/insights\/2020\/mbs-feiert-lateinamerikanischen-karneval\/#primaryimage"},"thumbnailUrl":"https:\/\/www.munich-business-school.de\/insights\/wp-content\/uploads\/2020\/02\/Blog_IMG-20200219-WA0011.jpg","datePublished":"2020-02-27T15:51:53+00:00","dateModified":"2023-02-16T13:25:43+00:00","description":"An der Munich Business School eine Party zum lateinamerikanischen Karneval mit typischem Essen und Trinken, Musik und Tanz statt.","breadcrumb":{"@id":"https:\/\/www.munich-business-school.de\/insights\/2020\/mbs-feiert-lateinamerikanischen-karneval\/#breadcrumb"},"inLanguage":"de","potentialAction":[{"@type":"ReadAction","target":["https:\/\/www.munich-business-school.de\/insights\/2020\/mbs-feiert-lateinamerikanischen-karneval\/"]}]},{"@type":"ImageObject","inLanguage":"de","@id":"https:\/\/www.munich-business-school.de\/insights\/2020\/mbs-feiert-lateinamerikanischen-karneval\/#primaryimage","url":"https:\/\/www.munich-business-school.de\/insights\/wp-content\/uploads\/2020\/02\/Blog_IMG-20200219-WA0011.jpg","contentUrl":"https:\/\/www.munich-business-school.de\/insights\/wp-content\/uploads\/2020\/02\/Blog_IMG-20200219-WA0011.jpg","width":1280,"height":690,"caption":"Celebrating Carnival @ MBS"},{"@type":"BreadcrumbList","@id":"https:\/\/www.munich-business-school.de\/insights\/2020\/mbs-feiert-lateinamerikanischen-karneval\/#breadcrumb","itemListElement":[{"@type":"ListItem","position":1,"name":"Home","item":"https:\/\/www.munich-business-school.de\/insights\/en\/home\/"},{"@type":"ListItem","position":2,"name":"Beitragsart","item":"https:\/\/www.munich-business-school.de\/insights\/category\/beitragsart\/"},{"@type":"ListItem","position":3,"name":"MBS feiert lateinamerikanischen Karneval"}]},{"@type":"WebSite","@id":"https:\/\/www.munich-business-school.de\/insights\/#website","url":"https:\/\/www.munich-business-school.de\/insights\/","name":"Munich Business School Insights","description":"Der Hochschulblog der Munich Business School: News zu Studium, Forschung, Lehre und Wirtschaft","publisher":{"@id":"https:\/\/www.munich-business-school.de\/insights\/#organization"},"potentialAction":[{"@type":"SearchAction","target":{"@type":"EntryPoint","urlTemplate":"https:\/\/www.munich-business-school.de\/insights\/?s={search_term_string}"},"query-input":{"@type":"PropertyValueSpecification","valueRequired":true,"valueName":"search_term_string"}}],"inLanguage":"de"},{"@type":"Organization","@id":"https:\/\/www.munich-business-school.de\/insights\/#organization","name":"Munich Business School","url":"https:\/\/www.munich-business-school.de\/insights\/","logo":{"@type":"ImageObject","inLanguage":"de","@id":"https:\/\/www.munich-business-school.de\/insights\/#\/schema\/logo\/image\/","url":"https:\/\/www.munich-business-school.de\/insights\/wp-content\/uploads\/2018\/02\/b_MBS.png","contentUrl":"https:\/\/www.munich-business-school.de\/insights\/wp-content\/uploads\/2018\/02\/b_MBS.png","width":567,"height":288,"caption":"Munich Business School"},"image":{"@id":"https:\/\/www.munich-business-school.de\/insights\/#\/schema\/logo\/image\/"},"sameAs":["https:\/\/www.facebook.com\/Munich.Business.School\/","https:\/\/x.com\/MunichBSchool","https:\/\/www.instagram.com\/munichbschool\/","https:\/\/www.linkedin.com\/school\/388042\/","https:\/\/www.youtube.com\/MunichBSchool"]},{"@type":"Person","@id":"https:\/\/www.munich-business-school.de\/insights\/#\/schema\/person\/69bdbdb2c808a1956492af2820a2a820","name":"MBS","image":{"@type":"ImageObject","inLanguage":"de","@id":"https:\/\/www.munich-business-school.de\/insights\/#\/schema\/person\/image\/56172a01f644aa552b30b1fc7036db83","url":"https:\/\/www.munich-business-school.de\/insights\/wp-content\/uploads\/2024\/11\/cropped-MBS-Munich-Business-School-Icon-96x96.png","contentUrl":"https:\/\/www.munich-business-school.de\/insights\/wp-content\/uploads\/2024\/11\/cropped-MBS-Munich-Business-School-Icon-96x96.png","caption":"MBS"},"url":"https:\/\/www.munich-business-school.de\/insights\/author\/mbs\/"}]}},"_links":{"self":[{"href":"https:\/\/www.munich-business-school.de\/insights\/wp-json\/wp\/v2\/posts\/13886","targetHints":{"allow":["GET"]}}],"collection":[{"href":"https:\/\/www.munich-business-school.de\/insights\/wp-json\/wp\/v2\/posts"}],"about":[{"href":"https:\/\/www.munich-business-school.de\/insights\/wp-json\/wp\/v2\/types\/post"}],"author":[{"embeddable":true,"href":"https:\/\/www.munich-business-school.de\/insights\/wp-json\/wp\/v2\/users\/26"}],"replies":[{"embeddable":true,"href":"https:\/\/www.munich-business-school.de\/insights\/wp-json\/wp\/v2\/comments?post=13886"}],"version-history":[{"count":5,"href":"https:\/\/www.munich-business-school.de\/insights\/wp-json\/wp\/v2\/posts\/13886\/revisions"}],"predecessor-version":[{"id":20068,"href":"https:\/\/www.munich-business-school.de\/insights\/wp-json\/wp\/v2\/posts\/13886\/revisions\/20068"}],"wp:featuredmedia":[{"embeddable":true,"href":"https:\/\/www.munich-business-school.de\/insights\/wp-json\/wp\/v2\/media\/13894"}],"wp:attachment":[{"href":"https:\/\/www.munich-business-school.de\/insights\/wp-json\/wp\/v2\/media?parent=13886"}],"wp:term":[{"taxonomy":"category","embeddable":true,"href":"https:\/\/www.munich-business-school.de\/insights\/wp-json\/wp\/v2\/categories?post=13886"},{"taxonomy":"post_tag","embeddable":true,"href":"https:\/\/www.munich-business-school.de\/insights\/wp-json\/wp\/v2\/tags?post=13886"},{"taxonomy":"author","embeddable":true,"href":"https:\/\/www.munich-business-school.de\/insights\/wp-json\/wp\/v2\/coauthors?post=13886"}],"curies":[{"name":"wp","href":"https:\/\/api.w.org\/{rel}","templated":true}]}}