{"id":14439,"date":"2020-04-16T12:06:45","date_gmt":"2020-04-16T10:06:45","guid":{"rendered":"https:\/\/www.munich-business-school.de\/insights\/?p=14439"},"modified":"2022-07-22T11:19:07","modified_gmt":"2022-07-22T09:19:07","slug":"executive-education-im-digitalen-orkan","status":"publish","type":"post","link":"https:\/\/www.munich-business-school.de\/insights\/2020\/executive-education-im-digitalen-orkan\/","title":{"rendered":"Executive Education im digitalen Orkan"},"content":{"rendered":"\n<p><strong>Wie die Corona-Krise als Chance f\u00fcr die Digitalisierung und Bildungsprogramme im Executive-Bereich genutzt werden kann<\/strong><\/p>\n\n\n\n<p>Nachdem das \u00f6ffentliche Leben im Zuge der Virusepidemie weitgehend zum Erliegen gekommen ist, l\u00e4sst sich nahezu eine explosionsartige Digitalisierung beobachten, die sich \u2212 aus der Not geboren \u2212 in einer unglaublichen kreativen Vielfalt und auf breiter Basis atemberaubend schnell vollzieht und Menschen erfasst, die bis vor kurzem nicht einmal mit dem Gedanken gespielt haben, sich digital zu vernetzen und zu arbeiten. Dieser pl\u00f6tzliche und gewaltige digitale Tsunami vollzieht sich erdballumspannend und in einem Ma\u00dfe, dass er digitale Plattformen bisweilen in die Knie zwingt. Auch im Bildungsbereich sind selbst Einrichtungen und Lehrk\u00f6rper, die sich bis vor ein paar Tagen noch im digitalen Dornr\u00f6schenschlaf befanden, schlichtweg gezwungen, kopf\u00fcber ins kalte Wasser zu springen und schwimmen zu lernen, w\u00e4hrend sie bereits eingetaucht sind, mitunter ohne nennenswerte digitale Ausbildung und Erfahrung. Das ist m\u00f6glicherweise der unwiderstehliche massive Schub, den die Welt in der Bildung braucht.<\/p>\n\n\n\n<p>Es ist logisch, dass digitale Bildungsformate besonders im Executive-Bereich nachgefragt werden und geradezu eine kongeniale, selbstverst\u00e4ndliche Option f\u00fcr F\u00fchrungskr\u00e4fte sind, f\u00fcr die das Arbeiten in virtuellen Teams und \u00fcber digitale Kommunikationskan\u00e4le zum t\u00e4glichen Brot geh\u00f6rt. Ausschlie\u00dflich ortsgebundene Bildungsangebote mit der Notwendigkeit, zu einem bestimmten Zeitpunkt an einem bestimmten (physischen) Ort zu erscheinen, stellen f\u00fcr diese Zielgruppe oft ein echtes Hindernis dar. Die h\u00e4ufigen Reisetermine sind f\u00fcr F\u00fchrungskr\u00e4fte angesichts ihrer eigenen Gesch\u00e4ftsabl\u00e4ufe und -termine ein gro\u00dfes Problem, sodass der Ressourcen-, Geld- und Zeitaufwand, sich in den Zeitrahmen der Pr\u00e4senzveranstaltungen einzuf\u00fcgen, eine Teilnahme an solchen Programmen nicht selten verhindert.<\/p>\n\n\n\n<p>Vor allem bei interkulturell angelegten Bildungsformaten, welche gerade f\u00fcr international agierende F\u00fchrungskr\u00e4fte von ganz besonderer Bedeutung sind, repr\u00e4sentieren die Interaktion mit Kolleginnen und Kollegen von anderen Kontinenten, das Lernen voneinander und Arbeiten miteinander, der Austausch von Methoden, Ansichten, Strategien und Kooperationsmustern \u00fcber kulturelle Grenzen hinweg einen echten Gewinn \u2212 intellektuell, emotional, praktisch und letztlich h\u00e4ufig auch finanziell. Der damit verbundene hohe und regelm\u00e4\u00dfige Reiseaufwand zu Veranstaltungen an einem bestimmten Ort (in der realen Welt) stellt eine enorme H\u00fcrde dar. Die Nutzung digitaler Lern(platt)formen erm\u00f6glicht es, sich in virtuellen R\u00e4umen und auf verschiedene Weisen zu treffen (wie bereits im Alltagsgesch\u00e4ft \u00fcblich), w\u00e4hrend man ganz nebenbei die Teilnehmenden derartiger Kurse in und f\u00fcr die Verwendung solcher Kommunikationskan\u00e4le trainiert. Damit werden gleichsam zwei Fliegen mit einer Klappe geschlagen: Die Ausbildung in und gleichzeitige Nutzung von Digitalisierung in realen Situationen \u2212 angewandtes Lernen im Executive-Modus. Nat\u00fcrlich besteht die Kunst auch darin, die richtige Mischung und ein gutes Gleichgewicht zu finden zwischen digitaler N\u00e4he bei gleichzeitiger k\u00f6rperlicher Ferne und dem gemeinsamen Lernen im selben Raum und am gleichen physischen Ort, alles zu seiner Zeit und im richtigen Ma\u00df.<\/p>\n\n\n\n<p>W\u00e4hrend des gemeinsamen Lernens, Arbeitens und weltweiten Kommunizierens entstehen im wachsenden Verst\u00e4ndnis f\u00fcr die entferntesten Mentalit\u00e4ten (in der realen Welt) neue Ideen f\u00fcr Kooperationsm\u00f6glichkeiten durch Teilen \u2212 das Teilen von Ideen, Konzepten,  unterschiedlichen Fertigkeiten und Chancen. Diese wiederum k\u00f6nnen zu neuen internationalen Gesch\u00e4ftsmodellen sowie neuen erfolgreichen Gemeinschaftsunternehmen f\u00fchren, die von der menschlichen Diversit\u00e4t in virtueller Tuchf\u00fchlung profitieren. Mit Hilfe von Bildungsexperten aus dem Bereich der <a href=\"https:\/\/www.munich-business-school.de\/executive-education\" target=\"_blank\" rel=\"noreferrer noopener\">Executive Education<\/a> kann der ungest\u00fcme und unstrukturierte digitale Tsunami in eine kr\u00e4ftige, geordnete und zielgerichtete Digitalisierungswelle kanalisiert werden, orchestriert und harmonisch komponiert wie eine m\u00e4chtige Wagneroper. <\/p>\n","protected":false},"excerpt":{"rendered":"<div class=\"mh-excerpt\"><p>Wie die Corona-Krise als Chance f\u00fcr die Digitalisierung und Bildungsprogramme im Executive-Bereich genutzt werden kann Nachdem das \u00f6ffentliche Leben im Zuge der Virusepidemie weitgehend zum Erliegen gekommen ist, l\u00e4sst sich nahezu eine explosionsartige Digitalisierung beobachten, <a class=\"mh-excerpt-more\" href=\"https:\/\/www.munich-business-school.de\/insights\/2020\/executive-education-im-digitalen-orkan\/\" title=\"Executive Education im digitalen Orkan\">[&#8230;]<\/a><\/p>\n<\/div>","protected":false},"author":49,"featured_media":14440,"comment_status":"open","ping_status":"closed","sticky":false,"template":"","format":"standard","meta":{"footnotes":""},"categories":[53,36,56,61,5608,69,78,95,11,13,16,17,24,39],"tags":[9008,8906,3628,4930,5107,231,7832,6404,3848],"coauthors":[8104],"class_list":["post-14439","post","type-post","status-publish","format-standard","has-post-thumbnail","hentry","category-digital-business-operations-de","category-executive-education-de","category-fakultaet-forschung","category-globaler-fokus","category-homepage-de","category-international-de","category-management-leadership-de","category-mbs-de","category-mbs-business-blog-de","category-mbs-campus-community-de","category-mbs-news-de","category-mbs-programme","category-regionen","category-wirtschaftsthemen","tag-coronavirus","tag-digital-age","tag-digital-business","tag-digital-vernetzt","tag-digitale-plattform","tag-digitale-transformation-de","tag-digitaler-wandel","tag-executive-development-de","tag-executive-education"],"yoast_head":"<!-- This site is optimized with the Yoast SEO plugin v27.1.1 - https:\/\/yoast.com\/product\/yoast-seo-wordpress\/ -->\n<title>Executive Education Programme im Orkan der Digitalisierung<\/title>\n<meta name=\"description\" content=\"Prof. Dr. Harald M\u00fcllich erkl\u00e4rt, warum und wie die Corona-Krise die Digitalisierung und Bildungsprogramme im Executive-Bereich positiv beeinflussen kann.\" \/>\n<meta name=\"robots\" content=\"index, follow, max-snippet:-1, max-image-preview:large, max-video-preview:-1\" \/>\n<link rel=\"canonical\" href=\"https:\/\/www.munich-business-school.de\/insights\/2020\/executive-education-im-digitalen-orkan\/\" \/>\n<meta property=\"og:locale\" content=\"de_DE\" \/>\n<meta property=\"og:type\" content=\"article\" \/>\n<meta property=\"og:title\" content=\"Executive Education Programme im Orkan der Digitalisierung\" \/>\n<meta property=\"og:description\" content=\"Prof. Dr. Harald M\u00fcllich erkl\u00e4rt, warum und wie die Corona-Krise die Digitalisierung und Bildungsprogramme im Executive-Bereich positiv beeinflussen kann.\" \/>\n<meta property=\"og:url\" content=\"https:\/\/www.munich-business-school.de\/insights\/2020\/executive-education-im-digitalen-orkan\/\" \/>\n<meta property=\"og:site_name\" content=\"Munich Business School Insights\" \/>\n<meta property=\"article:publisher\" content=\"https:\/\/www.facebook.com\/Munich.Business.School\/\" \/>\n<meta property=\"article:published_time\" content=\"2020-04-16T10:06:45+00:00\" \/>\n<meta property=\"article:modified_time\" content=\"2022-07-22T09:19:07+00:00\" \/>\n<meta property=\"og:image\" content=\"https:\/\/www.munich-business-school.de\/insights\/wp-content\/uploads\/2020\/04\/shutterstock_268450493_Blog-scaled.jpg\" \/>\n\t<meta property=\"og:image:width\" content=\"2560\" \/>\n\t<meta property=\"og:image:height\" content=\"1380\" \/>\n\t<meta property=\"og:image:type\" content=\"image\/jpeg\" \/>\n<meta name=\"author\" content=\"Prof. Dr. Harald M\u00fcllich\" \/>\n<meta name=\"twitter:card\" content=\"summary_large_image\" \/>\n<meta name=\"twitter:creator\" content=\"@MunichBSchool\" \/>\n<meta name=\"twitter:site\" content=\"@MunichBSchool\" \/>\n<meta name=\"twitter:label1\" content=\"Verfasst von\" \/>\n\t<meta name=\"twitter:data1\" content=\"Prof. Dr. Harald M\u00fcllich\" \/>\n\t<meta name=\"twitter:label2\" content=\"Gesch\u00e4tzte Lesezeit\" \/>\n\t<meta name=\"twitter:data2\" content=\"3\u00a0Minuten\" \/>\n\t<meta name=\"twitter:label3\" content=\"Written by\" \/>\n\t<meta name=\"twitter:data3\" content=\"Prof. Dr. Harald M\u00fcllich\" \/>\n<script type=\"application\/ld+json\" class=\"yoast-schema-graph\">{\"@context\":\"https:\/\/schema.org\",\"@graph\":[{\"@type\":\"Article\",\"@id\":\"https:\/\/www.munich-business-school.de\/insights\/2020\/executive-education-im-digitalen-orkan\/#article\",\"isPartOf\":{\"@id\":\"https:\/\/www.munich-business-school.de\/insights\/2020\/executive-education-im-digitalen-orkan\/\"},\"author\":{\"name\":\"Prof. Dr. Harald M\u00fcllich\",\"@id\":\"https:\/\/www.munich-business-school.de\/insights\/#\/schema\/person\/a77ffbd52a0cc42ad10a3a884a696c79\"},\"headline\":\"Executive Education im digitalen Orkan\",\"datePublished\":\"2020-04-16T10:06:45+00:00\",\"dateModified\":\"2022-07-22T09:19:07+00:00\",\"mainEntityOfPage\":{\"@id\":\"https:\/\/www.munich-business-school.de\/insights\/2020\/executive-education-im-digitalen-orkan\/\"},\"wordCount\":587,\"commentCount\":0,\"publisher\":{\"@id\":\"https:\/\/www.munich-business-school.de\/insights\/#organization\"},\"image\":{\"@id\":\"https:\/\/www.munich-business-school.de\/insights\/2020\/executive-education-im-digitalen-orkan\/#primaryimage\"},\"thumbnailUrl\":\"https:\/\/www.munich-business-school.de\/insights\/wp-content\/uploads\/2020\/04\/shutterstock_268450493_Blog-scaled.jpg\",\"keywords\":[\"Coronavirus\",\"Digital Age\",\"Digital Business\",\"Digital vernetzt\",\"Digitale Plattform\",\"Digitale Transformation\",\"Digitaler Wandel\",\"Executive Development\",\"Executive Education\"],\"articleSection\":[\"Digital Business &amp; Operations\",\"Executive Education\",\"Fakult\u00e4t &amp; Forschung\",\"Globaler Fokus\",\"Homepage DE\",\"International\",\"Management &amp; Leadership\",\"MBS\",\"MBS Business Blog\",\"MBS Campus &amp; Community\",\"MBS News\",\"MBS Programme\",\"Regionen\",\"Wirtschaftsthemen\"],\"inLanguage\":\"de\",\"potentialAction\":[{\"@type\":\"CommentAction\",\"name\":\"Comment\",\"target\":[\"https:\/\/www.munich-business-school.de\/insights\/2020\/executive-education-im-digitalen-orkan\/#respond\"]}]},{\"@type\":\"WebPage\",\"@id\":\"https:\/\/www.munich-business-school.de\/insights\/2020\/executive-education-im-digitalen-orkan\/\",\"url\":\"https:\/\/www.munich-business-school.de\/insights\/2020\/executive-education-im-digitalen-orkan\/\",\"name\":\"Executive Education Programme im Orkan der Digitalisierung\",\"isPartOf\":{\"@id\":\"https:\/\/www.munich-business-school.de\/insights\/#website\"},\"primaryImageOfPage\":{\"@id\":\"https:\/\/www.munich-business-school.de\/insights\/2020\/executive-education-im-digitalen-orkan\/#primaryimage\"},\"image\":{\"@id\":\"https:\/\/www.munich-business-school.de\/insights\/2020\/executive-education-im-digitalen-orkan\/#primaryimage\"},\"thumbnailUrl\":\"https:\/\/www.munich-business-school.de\/insights\/wp-content\/uploads\/2020\/04\/shutterstock_268450493_Blog-scaled.jpg\",\"datePublished\":\"2020-04-16T10:06:45+00:00\",\"dateModified\":\"2022-07-22T09:19:07+00:00\",\"description\":\"Prof. Dr. Harald M\u00fcllich erkl\u00e4rt, warum und wie die Corona-Krise die Digitalisierung und Bildungsprogramme im Executive-Bereich positiv beeinflussen kann.\",\"breadcrumb\":{\"@id\":\"https:\/\/www.munich-business-school.de\/insights\/2020\/executive-education-im-digitalen-orkan\/#breadcrumb\"},\"inLanguage\":\"de\",\"potentialAction\":[{\"@type\":\"ReadAction\",\"target\":[\"https:\/\/www.munich-business-school.de\/insights\/2020\/executive-education-im-digitalen-orkan\/\"]}]},{\"@type\":\"ImageObject\",\"inLanguage\":\"de\",\"@id\":\"https:\/\/www.munich-business-school.de\/insights\/2020\/executive-education-im-digitalen-orkan\/#primaryimage\",\"url\":\"https:\/\/www.munich-business-school.de\/insights\/wp-content\/uploads\/2020\/04\/shutterstock_268450493_Blog-scaled.jpg\",\"contentUrl\":\"https:\/\/www.munich-business-school.de\/insights\/wp-content\/uploads\/2020\/04\/shutterstock_268450493_Blog-scaled.jpg\",\"width\":2560,\"height\":1380,\"caption\":\"Executive Education Digitalisierung\"},{\"@type\":\"BreadcrumbList\",\"@id\":\"https:\/\/www.munich-business-school.de\/insights\/2020\/executive-education-im-digitalen-orkan\/#breadcrumb\",\"itemListElement\":[{\"@type\":\"ListItem\",\"position\":1,\"name\":\"Home\",\"item\":\"https:\/\/www.munich-business-school.de\/insights\/en\/home\/\"},{\"@type\":\"ListItem\",\"position\":2,\"name\":\"Beitragsart\",\"item\":\"https:\/\/www.munich-business-school.de\/insights\/category\/beitragsart\/\"},{\"@type\":\"ListItem\",\"position\":3,\"name\":\"MBS Business Blog\",\"item\":\"https:\/\/www.munich-business-school.de\/insights\/category\/beitragsart\/mbs-business-blog-de\/\"},{\"@type\":\"ListItem\",\"position\":4,\"name\":\"Executive Education im digitalen Orkan\"}]},{\"@type\":\"WebSite\",\"@id\":\"https:\/\/www.munich-business-school.de\/insights\/#website\",\"url\":\"https:\/\/www.munich-business-school.de\/insights\/\",\"name\":\"Munich Business School Insights\",\"description\":\"Der Hochschulblog der Munich Business School: News zu Studium, Forschung, Lehre und Wirtschaft\",\"publisher\":{\"@id\":\"https:\/\/www.munich-business-school.de\/insights\/#organization\"},\"potentialAction\":[{\"@type\":\"SearchAction\",\"target\":{\"@type\":\"EntryPoint\",\"urlTemplate\":\"https:\/\/www.munich-business-school.de\/insights\/?s={search_term_string}\"},\"query-input\":{\"@type\":\"PropertyValueSpecification\",\"valueRequired\":true,\"valueName\":\"search_term_string\"}}],\"inLanguage\":\"de\"},{\"@type\":\"Organization\",\"@id\":\"https:\/\/www.munich-business-school.de\/insights\/#organization\",\"name\":\"Munich Business School\",\"url\":\"https:\/\/www.munich-business-school.de\/insights\/\",\"logo\":{\"@type\":\"ImageObject\",\"inLanguage\":\"de\",\"@id\":\"https:\/\/www.munich-business-school.de\/insights\/#\/schema\/logo\/image\/\",\"url\":\"https:\/\/www.munich-business-school.de\/insights\/wp-content\/uploads\/2018\/02\/b_MBS.png\",\"contentUrl\":\"https:\/\/www.munich-business-school.de\/insights\/wp-content\/uploads\/2018\/02\/b_MBS.png\",\"width\":567,\"height\":288,\"caption\":\"Munich Business School\"},\"image\":{\"@id\":\"https:\/\/www.munich-business-school.de\/insights\/#\/schema\/logo\/image\/\"},\"sameAs\":[\"https:\/\/www.facebook.com\/Munich.Business.School\/\",\"https:\/\/x.com\/MunichBSchool\",\"https:\/\/www.instagram.com\/munichbschool\/\",\"https:\/\/www.linkedin.com\/school\/388042\/\",\"https:\/\/www.youtube.com\/MunichBSchool\"]},{\"@type\":\"Person\",\"@id\":\"https:\/\/www.munich-business-school.de\/insights\/#\/schema\/person\/a77ffbd52a0cc42ad10a3a884a696c79\",\"name\":\"Prof. Dr. Harald M\u00fcllich\",\"image\":{\"@type\":\"ImageObject\",\"inLanguage\":\"de\",\"@id\":\"https:\/\/www.munich-business-school.de\/insights\/#\/schema\/person\/image\/401d2a26fbcf07433cdc58042740dcd9\",\"url\":\"https:\/\/www.munich-business-school.de\/insights\/wp-content\/uploads\/2017\/04\/MBS-muellich-96x96.jpg\",\"contentUrl\":\"https:\/\/www.munich-business-school.de\/insights\/wp-content\/uploads\/2017\/04\/MBS-muellich-96x96.jpg\",\"caption\":\"Prof. Dr. Harald M\u00fcllich\"},\"description\":\"Prof. Dr. Harald H. M\u00fcllich studierte Anglistik, Romanistik, Germanistik, Hispanistik und Italienisch an der Friedrich-Alexander-Universit\u00e4t Erlangen-N\u00fcrnberg, der Manchester University und der Universit\u00e9 Lyon II. Er h\u00e4lt einen Magister Artium in Englischer und Galloromanischer Philologie sowie Germanistischer Linguistik und absolvierte das 1. und 2. Staatsexamen (inkl. p\u00e4d. Pr\u00fcfung) in Anglistik und Romanistik und promovierte \\\"magna cum laude\\\" in Angewandter Sprachwissenschaft (Romanistik &amp; Anglistik) an der Universit\u00e4t Erlangen-N\u00fcrnberg. Prof. Dr. M\u00fcllich verf\u00fcgt \u00fcber umfangreiche Erfahrung in der Wirtschaft und im Bildungsbereich. Seit 1991 ist er Professor f\u00fcr Wirtschaftssprachen (Englisch\/Franz\u00f6sisch) und interkulturelle Kompetenzen an der Fakult\u00e4t f\u00fcr Betriebswirtschaft der Hochschule f\u00fcr angewandte Wissenschaften M\u00fcnchen. Dar\u00fcber hinaus ist er Auslandskoordinator der FH M\u00fcnchen, Autor von zahlreichen Lehrwerken und hat an Hochschulen in China, Frankreich, England und Italien unterrichtet. Prof. Dr. M\u00fcllich ist seit 1991 Dozent f\u00fcr Business English, Business French und Intercultural Management an der Munich Business School.\",\"url\":\"https:\/\/www.munich-business-school.de\/insights\/author\/hmuellich\/\"}]}<\/script>\n<!-- \/ Yoast SEO plugin. -->","yoast_head_json":{"title":"Executive Education Programme im Orkan der Digitalisierung","description":"Prof. Dr. Harald M\u00fcllich erkl\u00e4rt, warum und wie die Corona-Krise die Digitalisierung und Bildungsprogramme im Executive-Bereich positiv beeinflussen kann.","robots":{"index":"index","follow":"follow","max-snippet":"max-snippet:-1","max-image-preview":"max-image-preview:large","max-video-preview":"max-video-preview:-1"},"canonical":"https:\/\/www.munich-business-school.de\/insights\/2020\/executive-education-im-digitalen-orkan\/","og_locale":"de_DE","og_type":"article","og_title":"Executive Education Programme im Orkan der Digitalisierung","og_description":"Prof. Dr. Harald M\u00fcllich erkl\u00e4rt, warum und wie die Corona-Krise die Digitalisierung und Bildungsprogramme im Executive-Bereich positiv beeinflussen kann.","og_url":"https:\/\/www.munich-business-school.de\/insights\/2020\/executive-education-im-digitalen-orkan\/","og_site_name":"Munich Business School Insights","article_publisher":"https:\/\/www.facebook.com\/Munich.Business.School\/","article_published_time":"2020-04-16T10:06:45+00:00","article_modified_time":"2022-07-22T09:19:07+00:00","og_image":[{"width":2560,"height":1380,"url":"https:\/\/www.munich-business-school.de\/insights\/wp-content\/uploads\/2020\/04\/shutterstock_268450493_Blog-scaled.jpg","type":"image\/jpeg"}],"author":"Prof. Dr. Harald M\u00fcllich","twitter_card":"summary_large_image","twitter_creator":"@MunichBSchool","twitter_site":"@MunichBSchool","twitter_misc":{"Verfasst von":"Prof. Dr. Harald M\u00fcllich","Gesch\u00e4tzte Lesezeit":"3\u00a0Minuten","Written by":"Prof. Dr. Harald M\u00fcllich"},"schema":{"@context":"https:\/\/schema.org","@graph":[{"@type":"Article","@id":"https:\/\/www.munich-business-school.de\/insights\/2020\/executive-education-im-digitalen-orkan\/#article","isPartOf":{"@id":"https:\/\/www.munich-business-school.de\/insights\/2020\/executive-education-im-digitalen-orkan\/"},"author":{"name":"Prof. Dr. Harald M\u00fcllich","@id":"https:\/\/www.munich-business-school.de\/insights\/#\/schema\/person\/a77ffbd52a0cc42ad10a3a884a696c79"},"headline":"Executive Education im digitalen Orkan","datePublished":"2020-04-16T10:06:45+00:00","dateModified":"2022-07-22T09:19:07+00:00","mainEntityOfPage":{"@id":"https:\/\/www.munich-business-school.de\/insights\/2020\/executive-education-im-digitalen-orkan\/"},"wordCount":587,"commentCount":0,"publisher":{"@id":"https:\/\/www.munich-business-school.de\/insights\/#organization"},"image":{"@id":"https:\/\/www.munich-business-school.de\/insights\/2020\/executive-education-im-digitalen-orkan\/#primaryimage"},"thumbnailUrl":"https:\/\/www.munich-business-school.de\/insights\/wp-content\/uploads\/2020\/04\/shutterstock_268450493_Blog-scaled.jpg","keywords":["Coronavirus","Digital Age","Digital Business","Digital vernetzt","Digitale Plattform","Digitale Transformation","Digitaler Wandel","Executive Development","Executive Education"],"articleSection":["Digital Business &amp; Operations","Executive Education","Fakult\u00e4t &amp; Forschung","Globaler Fokus","Homepage DE","International","Management &amp; Leadership","MBS","MBS Business Blog","MBS Campus &amp; Community","MBS News","MBS Programme","Regionen","Wirtschaftsthemen"],"inLanguage":"de","potentialAction":[{"@type":"CommentAction","name":"Comment","target":["https:\/\/www.munich-business-school.de\/insights\/2020\/executive-education-im-digitalen-orkan\/#respond"]}]},{"@type":"WebPage","@id":"https:\/\/www.munich-business-school.de\/insights\/2020\/executive-education-im-digitalen-orkan\/","url":"https:\/\/www.munich-business-school.de\/insights\/2020\/executive-education-im-digitalen-orkan\/","name":"Executive Education Programme im Orkan der Digitalisierung","isPartOf":{"@id":"https:\/\/www.munich-business-school.de\/insights\/#website"},"primaryImageOfPage":{"@id":"https:\/\/www.munich-business-school.de\/insights\/2020\/executive-education-im-digitalen-orkan\/#primaryimage"},"image":{"@id":"https:\/\/www.munich-business-school.de\/insights\/2020\/executive-education-im-digitalen-orkan\/#primaryimage"},"thumbnailUrl":"https:\/\/www.munich-business-school.de\/insights\/wp-content\/uploads\/2020\/04\/shutterstock_268450493_Blog-scaled.jpg","datePublished":"2020-04-16T10:06:45+00:00","dateModified":"2022-07-22T09:19:07+00:00","description":"Prof. Dr. Harald M\u00fcllich erkl\u00e4rt, warum und wie die Corona-Krise die Digitalisierung und Bildungsprogramme im Executive-Bereich positiv beeinflussen kann.","breadcrumb":{"@id":"https:\/\/www.munich-business-school.de\/insights\/2020\/executive-education-im-digitalen-orkan\/#breadcrumb"},"inLanguage":"de","potentialAction":[{"@type":"ReadAction","target":["https:\/\/www.munich-business-school.de\/insights\/2020\/executive-education-im-digitalen-orkan\/"]}]},{"@type":"ImageObject","inLanguage":"de","@id":"https:\/\/www.munich-business-school.de\/insights\/2020\/executive-education-im-digitalen-orkan\/#primaryimage","url":"https:\/\/www.munich-business-school.de\/insights\/wp-content\/uploads\/2020\/04\/shutterstock_268450493_Blog-scaled.jpg","contentUrl":"https:\/\/www.munich-business-school.de\/insights\/wp-content\/uploads\/2020\/04\/shutterstock_268450493_Blog-scaled.jpg","width":2560,"height":1380,"caption":"Executive Education Digitalisierung"},{"@type":"BreadcrumbList","@id":"https:\/\/www.munich-business-school.de\/insights\/2020\/executive-education-im-digitalen-orkan\/#breadcrumb","itemListElement":[{"@type":"ListItem","position":1,"name":"Home","item":"https:\/\/www.munich-business-school.de\/insights\/en\/home\/"},{"@type":"ListItem","position":2,"name":"Beitragsart","item":"https:\/\/www.munich-business-school.de\/insights\/category\/beitragsart\/"},{"@type":"ListItem","position":3,"name":"MBS Business Blog","item":"https:\/\/www.munich-business-school.de\/insights\/category\/beitragsart\/mbs-business-blog-de\/"},{"@type":"ListItem","position":4,"name":"Executive Education im digitalen Orkan"}]},{"@type":"WebSite","@id":"https:\/\/www.munich-business-school.de\/insights\/#website","url":"https:\/\/www.munich-business-school.de\/insights\/","name":"Munich Business School Insights","description":"Der Hochschulblog der Munich Business School: News zu Studium, Forschung, Lehre und Wirtschaft","publisher":{"@id":"https:\/\/www.munich-business-school.de\/insights\/#organization"},"potentialAction":[{"@type":"SearchAction","target":{"@type":"EntryPoint","urlTemplate":"https:\/\/www.munich-business-school.de\/insights\/?s={search_term_string}"},"query-input":{"@type":"PropertyValueSpecification","valueRequired":true,"valueName":"search_term_string"}}],"inLanguage":"de"},{"@type":"Organization","@id":"https:\/\/www.munich-business-school.de\/insights\/#organization","name":"Munich Business School","url":"https:\/\/www.munich-business-school.de\/insights\/","logo":{"@type":"ImageObject","inLanguage":"de","@id":"https:\/\/www.munich-business-school.de\/insights\/#\/schema\/logo\/image\/","url":"https:\/\/www.munich-business-school.de\/insights\/wp-content\/uploads\/2018\/02\/b_MBS.png","contentUrl":"https:\/\/www.munich-business-school.de\/insights\/wp-content\/uploads\/2018\/02\/b_MBS.png","width":567,"height":288,"caption":"Munich Business School"},"image":{"@id":"https:\/\/www.munich-business-school.de\/insights\/#\/schema\/logo\/image\/"},"sameAs":["https:\/\/www.facebook.com\/Munich.Business.School\/","https:\/\/x.com\/MunichBSchool","https:\/\/www.instagram.com\/munichbschool\/","https:\/\/www.linkedin.com\/school\/388042\/","https:\/\/www.youtube.com\/MunichBSchool"]},{"@type":"Person","@id":"https:\/\/www.munich-business-school.de\/insights\/#\/schema\/person\/a77ffbd52a0cc42ad10a3a884a696c79","name":"Prof. Dr. Harald M\u00fcllich","image":{"@type":"ImageObject","inLanguage":"de","@id":"https:\/\/www.munich-business-school.de\/insights\/#\/schema\/person\/image\/401d2a26fbcf07433cdc58042740dcd9","url":"https:\/\/www.munich-business-school.de\/insights\/wp-content\/uploads\/2017\/04\/MBS-muellich-96x96.jpg","contentUrl":"https:\/\/www.munich-business-school.de\/insights\/wp-content\/uploads\/2017\/04\/MBS-muellich-96x96.jpg","caption":"Prof. Dr. Harald M\u00fcllich"},"description":"Prof. Dr. Harald H. M\u00fcllich studierte Anglistik, Romanistik, Germanistik, Hispanistik und Italienisch an der Friedrich-Alexander-Universit\u00e4t Erlangen-N\u00fcrnberg, der Manchester University und der Universit\u00e9 Lyon II. Er h\u00e4lt einen Magister Artium in Englischer und Galloromanischer Philologie sowie Germanistischer Linguistik und absolvierte das 1. und 2. Staatsexamen (inkl. p\u00e4d. Pr\u00fcfung) in Anglistik und Romanistik und promovierte \"magna cum laude\" in Angewandter Sprachwissenschaft (Romanistik &amp; Anglistik) an der Universit\u00e4t Erlangen-N\u00fcrnberg. Prof. Dr. M\u00fcllich verf\u00fcgt \u00fcber umfangreiche Erfahrung in der Wirtschaft und im Bildungsbereich. Seit 1991 ist er Professor f\u00fcr Wirtschaftssprachen (Englisch\/Franz\u00f6sisch) und interkulturelle Kompetenzen an der Fakult\u00e4t f\u00fcr Betriebswirtschaft der Hochschule f\u00fcr angewandte Wissenschaften M\u00fcnchen. Dar\u00fcber hinaus ist er Auslandskoordinator der FH M\u00fcnchen, Autor von zahlreichen Lehrwerken und hat an Hochschulen in China, Frankreich, England und Italien unterrichtet. Prof. Dr. M\u00fcllich ist seit 1991 Dozent f\u00fcr Business English, Business French und Intercultural Management an der Munich Business School.","url":"https:\/\/www.munich-business-school.de\/insights\/author\/hmuellich\/"}]}},"_links":{"self":[{"href":"https:\/\/www.munich-business-school.de\/insights\/wp-json\/wp\/v2\/posts\/14439","targetHints":{"allow":["GET"]}}],"collection":[{"href":"https:\/\/www.munich-business-school.de\/insights\/wp-json\/wp\/v2\/posts"}],"about":[{"href":"https:\/\/www.munich-business-school.de\/insights\/wp-json\/wp\/v2\/types\/post"}],"author":[{"embeddable":true,"href":"https:\/\/www.munich-business-school.de\/insights\/wp-json\/wp\/v2\/users\/49"}],"replies":[{"embeddable":true,"href":"https:\/\/www.munich-business-school.de\/insights\/wp-json\/wp\/v2\/comments?post=14439"}],"version-history":[{"count":3,"href":"https:\/\/www.munich-business-school.de\/insights\/wp-json\/wp\/v2\/posts\/14439\/revisions"}],"predecessor-version":[{"id":19173,"href":"https:\/\/www.munich-business-school.de\/insights\/wp-json\/wp\/v2\/posts\/14439\/revisions\/19173"}],"wp:featuredmedia":[{"embeddable":true,"href":"https:\/\/www.munich-business-school.de\/insights\/wp-json\/wp\/v2\/media\/14440"}],"wp:attachment":[{"href":"https:\/\/www.munich-business-school.de\/insights\/wp-json\/wp\/v2\/media?parent=14439"}],"wp:term":[{"taxonomy":"category","embeddable":true,"href":"https:\/\/www.munich-business-school.de\/insights\/wp-json\/wp\/v2\/categories?post=14439"},{"taxonomy":"post_tag","embeddable":true,"href":"https:\/\/www.munich-business-school.de\/insights\/wp-json\/wp\/v2\/tags?post=14439"},{"taxonomy":"author","embeddable":true,"href":"https:\/\/www.munich-business-school.de\/insights\/wp-json\/wp\/v2\/coauthors?post=14439"}],"curies":[{"name":"wp","href":"https:\/\/api.w.org\/{rel}","templated":true}]}}