{"id":26511,"date":"2025-01-16T15:00:00","date_gmt":"2025-01-16T14:00:00","guid":{"rendered":"https:\/\/www.munich-business-school.de\/insights\/?p=26511"},"modified":"2025-01-14T17:25:30","modified_gmt":"2025-01-14T16:25:30","slug":"mbs-alumna-zur-professorin-an-renommierter-universitaet-tec-de-monterrey-ernannt","status":"publish","type":"post","link":"https:\/\/www.munich-business-school.de\/insights\/2025\/mbs-alumna-zur-professorin-an-renommierter-universitaet-tec-de-monterrey-ernannt\/","title":{"rendered":"MBS-Alumna zur Professorin an renommierter Universit\u00e4t Tec de Monterrey ernannt"},"content":{"rendered":"\n<p><strong>An der Munich Business School sind wir stolz auf die unterschiedlichen Wege, die unsere Alumni einschlagen. W\u00e4hrend viele eine Karriere in Unternehmen anstreben, widmen sich andere, wie Rachel Chang, der Gestaltung der Zukunft in der Wissenschaft.<\/strong><\/p>\n\n\n\n<hr class=\"wp-block-separator has-alpha-channel-opacity\"\/>\n\n\n\n<p>Rachel, die 2007 ihren Master in International Business abschloss, hat k\u00fcrzlich eine spannende Stelle als Professorin an der Tecnol\u00f3gico de Monterrey angetreten, einer der besten Universit\u00e4ten Lateinamerikas und einer langj\u00e4hrigen Partnerschule der Munich Business School. Mit ihrer Expertise in den Bereichen Projektmanagement, virtuelle Teams und Karriereberatung unterrichtet Rachel auch als Gastprofessorin an der FIA (Funda\u00e7\u00e3o Instituto de Administra\u00e7\u00e3o) in S\u00e3o Paulo, Brasilien, an der Poli-USP (Escola Polit\u00e9cnica da Universidade de S\u00e3o Paulo) und an der ESAN Per\u00fa (einer weiteren MBS-Partnerschule).<\/p>\n\n\n\n<p>Ihr Engagement, Menschen durch Bildung und Mentoring zu st\u00e4rken, steht in engem Einklang mit unseren Werten an der Munich Business School: Innovation, Verantwortung und eine globale Perspektive.<\/p>\n\n\n\n<p>Rachels Geschichte erinnert uns an die starken Verbindungen, die wir aufbauen, und an die vielf\u00e4ltigen M\u00f6glichkeiten, wie Bildung Leben ver\u00e4ndern kann.<\/p>\n\n\n<div class=\"wp-block-image\">\n<figure class=\"aligncenter size-full is-resized\"><img loading=\"lazy\" decoding=\"async\" width=\"800\" height=\"450\" src=\"https:\/\/www.munich-business-school.de\/insights\/wp-content\/uploads\/2025\/01\/MBS-Alumna-Appointed-Professor-at-Prestigious-Tec-de-Monterrey.jpg\" alt=\"\" class=\"wp-image-26517\" style=\"width:614px;height:auto\" srcset=\"https:\/\/www.munich-business-school.de\/insights\/wp-content\/uploads\/2025\/01\/MBS-Alumna-Appointed-Professor-at-Prestigious-Tec-de-Monterrey.jpg 800w, https:\/\/www.munich-business-school.de\/insights\/wp-content\/uploads\/2025\/01\/MBS-Alumna-Appointed-Professor-at-Prestigious-Tec-de-Monterrey-678x381.jpg 678w\" sizes=\"auto, (max-width: 800px) 100vw, 800px\" \/><\/figure>\n<\/div>\n\n\n<br>\n","protected":false},"excerpt":{"rendered":"<div class=\"mh-excerpt\"><p>An der Munich Business School sind wir stolz auf die unterschiedlichen Wege, die unsere Alumni einschlagen. W\u00e4hrend viele eine Karriere in Unternehmen anstreben, widmen sich andere, wie Rachel Chang, der Gestaltung der Zukunft in der <a class=\"mh-excerpt-more\" href=\"https:\/\/www.munich-business-school.de\/insights\/2025\/mbs-alumna-zur-professorin-an-renommierter-universitaet-tec-de-monterrey-ernannt\/\" title=\"MBS-Alumna zur Professorin an renommierter Universit\u00e4t Tec de Monterrey ernannt\">[&#8230;]<\/a><\/p>\n<\/div>","protected":false},"author":26,"featured_media":26523,"comment_status":"closed","ping_status":"closed","sticky":false,"template":"","format":"standard","meta":{"footnotes":""},"categories":[5608,74,95,13,16,11986],"tags":[114,5799,355,463],"coauthors":[685],"class_list":["post-26511","post","type-post","status-publish","format-standard","has-post-thumbnail","hentry","category-homepage-de","category-karriere","category-mbs-de","category-mbs-campus-community-de","category-mbs-news-de","category-news","tag-alumni-de","tag-business-de","tag-karriere","tag-professor"],"yoast_head":"<!-- This site is optimized with the Yoast SEO plugin v27.1.1 - https:\/\/yoast.com\/product\/yoast-seo-wordpress\/ -->\n<title>MBS-Alumna zur Professorin an renommierter Universit\u00e4t ernannt<\/title>\n<meta name=\"description\" content=\"Rachel (MBS Master in International Business) hat k\u00fcrzlich eine spannende Stelle als Professorin an der Tecnol\u00f3gico de Monterrey angetreten.\" \/>\n<meta name=\"robots\" content=\"index, follow, max-snippet:-1, max-image-preview:large, max-video-preview:-1\" \/>\n<link rel=\"canonical\" href=\"https:\/\/www.munich-business-school.de\/insights\/2025\/mbs-alumna-zur-professorin-an-renommierter-universitaet-tec-de-monterrey-ernannt\/\" \/>\n<meta property=\"og:locale\" content=\"de_DE\" \/>\n<meta property=\"og:type\" content=\"article\" \/>\n<meta property=\"og:title\" content=\"MBS-Alumna zur Professorin an renommierter Universit\u00e4t ernannt\" \/>\n<meta property=\"og:description\" content=\"Rachel (MBS Master in International Business) hat k\u00fcrzlich eine spannende Stelle als Professorin an der Tecnol\u00f3gico de Monterrey angetreten.\" \/>\n<meta property=\"og:url\" content=\"https:\/\/www.munich-business-school.de\/insights\/2025\/mbs-alumna-zur-professorin-an-renommierter-universitaet-tec-de-monterrey-ernannt\/\" \/>\n<meta property=\"og:site_name\" content=\"Munich Business School Insights\" \/>\n<meta property=\"article:publisher\" content=\"https:\/\/www.facebook.com\/Munich.Business.School\/\" \/>\n<meta property=\"article:published_time\" content=\"2025-01-16T14:00:00+00:00\" \/>\n<meta property=\"og:image\" content=\"https:\/\/www.munich-business-school.de\/insights\/wp-content\/uploads\/2025\/01\/Professorin.jpg\" \/>\n\t<meta property=\"og:image:width\" content=\"1400\" \/>\n\t<meta property=\"og:image:height\" content=\"1000\" \/>\n\t<meta property=\"og:image:type\" content=\"image\/jpeg\" \/>\n<meta name=\"author\" content=\"MBS\" \/>\n<meta name=\"twitter:card\" content=\"summary_large_image\" \/>\n<meta name=\"twitter:creator\" content=\"@MunichBSchool\" \/>\n<meta name=\"twitter:site\" content=\"@MunichBSchool\" \/>\n<meta name=\"twitter:label1\" content=\"Verfasst von\" \/>\n\t<meta name=\"twitter:data1\" content=\"MBS\" \/>\n\t<meta name=\"twitter:label2\" content=\"Gesch\u00e4tzte Lesezeit\" \/>\n\t<meta name=\"twitter:data2\" content=\"2\u00a0Minuten\" \/>\n\t<meta name=\"twitter:label3\" content=\"Written by\" \/>\n\t<meta name=\"twitter:data3\" content=\"MBS\" \/>\n<script type=\"application\/ld+json\" class=\"yoast-schema-graph\">{\"@context\":\"https:\/\/schema.org\",\"@graph\":[{\"@type\":\"Article\",\"@id\":\"https:\/\/www.munich-business-school.de\/insights\/2025\/mbs-alumna-zur-professorin-an-renommierter-universitaet-tec-de-monterrey-ernannt\/#article\",\"isPartOf\":{\"@id\":\"https:\/\/www.munich-business-school.de\/insights\/2025\/mbs-alumna-zur-professorin-an-renommierter-universitaet-tec-de-monterrey-ernannt\/\"},\"author\":{\"name\":\"MBS\",\"@id\":\"https:\/\/www.munich-business-school.de\/insights\/#\/schema\/person\/69bdbdb2c808a1956492af2820a2a820\"},\"headline\":\"MBS-Alumna zur Professorin an renommierter Universit\u00e4t Tec de Monterrey ernannt\",\"datePublished\":\"2025-01-16T14:00:00+00:00\",\"mainEntityOfPage\":{\"@id\":\"https:\/\/www.munich-business-school.de\/insights\/2025\/mbs-alumna-zur-professorin-an-renommierter-universitaet-tec-de-monterrey-ernannt\/\"},\"wordCount\":188,\"publisher\":{\"@id\":\"https:\/\/www.munich-business-school.de\/insights\/#organization\"},\"image\":{\"@id\":\"https:\/\/www.munich-business-school.de\/insights\/2025\/mbs-alumna-zur-professorin-an-renommierter-universitaet-tec-de-monterrey-ernannt\/#primaryimage\"},\"thumbnailUrl\":\"https:\/\/www.munich-business-school.de\/insights\/wp-content\/uploads\/2025\/01\/Professorin.jpg\",\"keywords\":[\"Alumni\",\"Business\",\"Karriere\",\"Professor\"],\"articleSection\":[\"Homepage DE\",\"Karriere\",\"MBS\",\"MBS Campus &amp; Community\",\"MBS News\",\"News\"],\"inLanguage\":\"de\"},{\"@type\":\"WebPage\",\"@id\":\"https:\/\/www.munich-business-school.de\/insights\/2025\/mbs-alumna-zur-professorin-an-renommierter-universitaet-tec-de-monterrey-ernannt\/\",\"url\":\"https:\/\/www.munich-business-school.de\/insights\/2025\/mbs-alumna-zur-professorin-an-renommierter-universitaet-tec-de-monterrey-ernannt\/\",\"name\":\"MBS-Alumna zur Professorin an renommierter Universit\u00e4t ernannt\",\"isPartOf\":{\"@id\":\"https:\/\/www.munich-business-school.de\/insights\/#website\"},\"primaryImageOfPage\":{\"@id\":\"https:\/\/www.munich-business-school.de\/insights\/2025\/mbs-alumna-zur-professorin-an-renommierter-universitaet-tec-de-monterrey-ernannt\/#primaryimage\"},\"image\":{\"@id\":\"https:\/\/www.munich-business-school.de\/insights\/2025\/mbs-alumna-zur-professorin-an-renommierter-universitaet-tec-de-monterrey-ernannt\/#primaryimage\"},\"thumbnailUrl\":\"https:\/\/www.munich-business-school.de\/insights\/wp-content\/uploads\/2025\/01\/Professorin.jpg\",\"datePublished\":\"2025-01-16T14:00:00+00:00\",\"description\":\"Rachel (MBS Master in International Business) hat k\u00fcrzlich eine spannende Stelle als Professorin an der Tecnol\u00f3gico de Monterrey angetreten.\",\"breadcrumb\":{\"@id\":\"https:\/\/www.munich-business-school.de\/insights\/2025\/mbs-alumna-zur-professorin-an-renommierter-universitaet-tec-de-monterrey-ernannt\/#breadcrumb\"},\"inLanguage\":\"de\",\"potentialAction\":[{\"@type\":\"ReadAction\",\"target\":[\"https:\/\/www.munich-business-school.de\/insights\/2025\/mbs-alumna-zur-professorin-an-renommierter-universitaet-tec-de-monterrey-ernannt\/\"]}]},{\"@type\":\"ImageObject\",\"inLanguage\":\"de\",\"@id\":\"https:\/\/www.munich-business-school.de\/insights\/2025\/mbs-alumna-zur-professorin-an-renommierter-universitaet-tec-de-monterrey-ernannt\/#primaryimage\",\"url\":\"https:\/\/www.munich-business-school.de\/insights\/wp-content\/uploads\/2025\/01\/Professorin.jpg\",\"contentUrl\":\"https:\/\/www.munich-business-school.de\/insights\/wp-content\/uploads\/2025\/01\/Professorin.jpg\",\"width\":1400,\"height\":1000},{\"@type\":\"BreadcrumbList\",\"@id\":\"https:\/\/www.munich-business-school.de\/insights\/2025\/mbs-alumna-zur-professorin-an-renommierter-universitaet-tec-de-monterrey-ernannt\/#breadcrumb\",\"itemListElement\":[{\"@type\":\"ListItem\",\"position\":1,\"name\":\"Home\",\"item\":\"https:\/\/www.munich-business-school.de\/insights\/en\/home\/\"},{\"@type\":\"ListItem\",\"position\":2,\"name\":\"Beitragsart\",\"item\":\"https:\/\/www.munich-business-school.de\/insights\/category\/beitragsart\/\"},{\"@type\":\"ListItem\",\"position\":3,\"name\":\"MBS News\",\"item\":\"https:\/\/www.munich-business-school.de\/insights\/category\/beitragsart\/mbs-news-de\/\"},{\"@type\":\"ListItem\",\"position\":4,\"name\":\"MBS-Alumna zur Professorin an renommierter Universit\u00e4t Tec de Monterrey ernannt\"}]},{\"@type\":\"WebSite\",\"@id\":\"https:\/\/www.munich-business-school.de\/insights\/#website\",\"url\":\"https:\/\/www.munich-business-school.de\/insights\/\",\"name\":\"Munich Business School Insights\",\"description\":\"Der Hochschulblog der Munich Business School: News zu Studium, Forschung, Lehre und Wirtschaft\",\"publisher\":{\"@id\":\"https:\/\/www.munich-business-school.de\/insights\/#organization\"},\"potentialAction\":[{\"@type\":\"SearchAction\",\"target\":{\"@type\":\"EntryPoint\",\"urlTemplate\":\"https:\/\/www.munich-business-school.de\/insights\/?s={search_term_string}\"},\"query-input\":{\"@type\":\"PropertyValueSpecification\",\"valueRequired\":true,\"valueName\":\"search_term_string\"}}],\"inLanguage\":\"de\"},{\"@type\":\"Organization\",\"@id\":\"https:\/\/www.munich-business-school.de\/insights\/#organization\",\"name\":\"Munich Business School\",\"url\":\"https:\/\/www.munich-business-school.de\/insights\/\",\"logo\":{\"@type\":\"ImageObject\",\"inLanguage\":\"de\",\"@id\":\"https:\/\/www.munich-business-school.de\/insights\/#\/schema\/logo\/image\/\",\"url\":\"https:\/\/www.munich-business-school.de\/insights\/wp-content\/uploads\/2018\/02\/b_MBS.png\",\"contentUrl\":\"https:\/\/www.munich-business-school.de\/insights\/wp-content\/uploads\/2018\/02\/b_MBS.png\",\"width\":567,\"height\":288,\"caption\":\"Munich Business School\"},\"image\":{\"@id\":\"https:\/\/www.munich-business-school.de\/insights\/#\/schema\/logo\/image\/\"},\"sameAs\":[\"https:\/\/www.facebook.com\/Munich.Business.School\/\",\"https:\/\/x.com\/MunichBSchool\",\"https:\/\/www.instagram.com\/munichbschool\/\",\"https:\/\/www.linkedin.com\/school\/388042\/\",\"https:\/\/www.youtube.com\/MunichBSchool\"]},{\"@type\":\"Person\",\"@id\":\"https:\/\/www.munich-business-school.de\/insights\/#\/schema\/person\/69bdbdb2c808a1956492af2820a2a820\",\"name\":\"MBS\",\"image\":{\"@type\":\"ImageObject\",\"inLanguage\":\"de\",\"@id\":\"https:\/\/www.munich-business-school.de\/insights\/#\/schema\/person\/image\/56172a01f644aa552b30b1fc7036db83\",\"url\":\"https:\/\/www.munich-business-school.de\/insights\/wp-content\/uploads\/2024\/11\/cropped-MBS-Munich-Business-School-Icon-96x96.png\",\"contentUrl\":\"https:\/\/www.munich-business-school.de\/insights\/wp-content\/uploads\/2024\/11\/cropped-MBS-Munich-Business-School-Icon-96x96.png\",\"caption\":\"MBS\"},\"url\":\"https:\/\/www.munich-business-school.de\/insights\/author\/mbs\/\"}]}<\/script>\n<!-- \/ Yoast SEO plugin. -->","yoast_head_json":{"title":"MBS-Alumna zur Professorin an renommierter Universit\u00e4t ernannt","description":"Rachel (MBS Master in International Business) hat k\u00fcrzlich eine spannende Stelle als Professorin an der Tecnol\u00f3gico de Monterrey angetreten.","robots":{"index":"index","follow":"follow","max-snippet":"max-snippet:-1","max-image-preview":"max-image-preview:large","max-video-preview":"max-video-preview:-1"},"canonical":"https:\/\/www.munich-business-school.de\/insights\/2025\/mbs-alumna-zur-professorin-an-renommierter-universitaet-tec-de-monterrey-ernannt\/","og_locale":"de_DE","og_type":"article","og_title":"MBS-Alumna zur Professorin an renommierter Universit\u00e4t ernannt","og_description":"Rachel (MBS Master in International Business) hat k\u00fcrzlich eine spannende Stelle als Professorin an der Tecnol\u00f3gico de Monterrey angetreten.","og_url":"https:\/\/www.munich-business-school.de\/insights\/2025\/mbs-alumna-zur-professorin-an-renommierter-universitaet-tec-de-monterrey-ernannt\/","og_site_name":"Munich Business School Insights","article_publisher":"https:\/\/www.facebook.com\/Munich.Business.School\/","article_published_time":"2025-01-16T14:00:00+00:00","og_image":[{"width":1400,"height":1000,"url":"https:\/\/www.munich-business-school.de\/insights\/wp-content\/uploads\/2025\/01\/Professorin.jpg","type":"image\/jpeg"}],"author":"MBS","twitter_card":"summary_large_image","twitter_creator":"@MunichBSchool","twitter_site":"@MunichBSchool","twitter_misc":{"Verfasst von":"MBS","Gesch\u00e4tzte Lesezeit":"2\u00a0Minuten","Written by":"MBS"},"schema":{"@context":"https:\/\/schema.org","@graph":[{"@type":"Article","@id":"https:\/\/www.munich-business-school.de\/insights\/2025\/mbs-alumna-zur-professorin-an-renommierter-universitaet-tec-de-monterrey-ernannt\/#article","isPartOf":{"@id":"https:\/\/www.munich-business-school.de\/insights\/2025\/mbs-alumna-zur-professorin-an-renommierter-universitaet-tec-de-monterrey-ernannt\/"},"author":{"name":"MBS","@id":"https:\/\/www.munich-business-school.de\/insights\/#\/schema\/person\/69bdbdb2c808a1956492af2820a2a820"},"headline":"MBS-Alumna zur Professorin an renommierter Universit\u00e4t Tec de Monterrey ernannt","datePublished":"2025-01-16T14:00:00+00:00","mainEntityOfPage":{"@id":"https:\/\/www.munich-business-school.de\/insights\/2025\/mbs-alumna-zur-professorin-an-renommierter-universitaet-tec-de-monterrey-ernannt\/"},"wordCount":188,"publisher":{"@id":"https:\/\/www.munich-business-school.de\/insights\/#organization"},"image":{"@id":"https:\/\/www.munich-business-school.de\/insights\/2025\/mbs-alumna-zur-professorin-an-renommierter-universitaet-tec-de-monterrey-ernannt\/#primaryimage"},"thumbnailUrl":"https:\/\/www.munich-business-school.de\/insights\/wp-content\/uploads\/2025\/01\/Professorin.jpg","keywords":["Alumni","Business","Karriere","Professor"],"articleSection":["Homepage DE","Karriere","MBS","MBS Campus &amp; Community","MBS News","News"],"inLanguage":"de"},{"@type":"WebPage","@id":"https:\/\/www.munich-business-school.de\/insights\/2025\/mbs-alumna-zur-professorin-an-renommierter-universitaet-tec-de-monterrey-ernannt\/","url":"https:\/\/www.munich-business-school.de\/insights\/2025\/mbs-alumna-zur-professorin-an-renommierter-universitaet-tec-de-monterrey-ernannt\/","name":"MBS-Alumna zur Professorin an renommierter Universit\u00e4t ernannt","isPartOf":{"@id":"https:\/\/www.munich-business-school.de\/insights\/#website"},"primaryImageOfPage":{"@id":"https:\/\/www.munich-business-school.de\/insights\/2025\/mbs-alumna-zur-professorin-an-renommierter-universitaet-tec-de-monterrey-ernannt\/#primaryimage"},"image":{"@id":"https:\/\/www.munich-business-school.de\/insights\/2025\/mbs-alumna-zur-professorin-an-renommierter-universitaet-tec-de-monterrey-ernannt\/#primaryimage"},"thumbnailUrl":"https:\/\/www.munich-business-school.de\/insights\/wp-content\/uploads\/2025\/01\/Professorin.jpg","datePublished":"2025-01-16T14:00:00+00:00","description":"Rachel (MBS Master in International Business) hat k\u00fcrzlich eine spannende Stelle als Professorin an der Tecnol\u00f3gico de Monterrey angetreten.","breadcrumb":{"@id":"https:\/\/www.munich-business-school.de\/insights\/2025\/mbs-alumna-zur-professorin-an-renommierter-universitaet-tec-de-monterrey-ernannt\/#breadcrumb"},"inLanguage":"de","potentialAction":[{"@type":"ReadAction","target":["https:\/\/www.munich-business-school.de\/insights\/2025\/mbs-alumna-zur-professorin-an-renommierter-universitaet-tec-de-monterrey-ernannt\/"]}]},{"@type":"ImageObject","inLanguage":"de","@id":"https:\/\/www.munich-business-school.de\/insights\/2025\/mbs-alumna-zur-professorin-an-renommierter-universitaet-tec-de-monterrey-ernannt\/#primaryimage","url":"https:\/\/www.munich-business-school.de\/insights\/wp-content\/uploads\/2025\/01\/Professorin.jpg","contentUrl":"https:\/\/www.munich-business-school.de\/insights\/wp-content\/uploads\/2025\/01\/Professorin.jpg","width":1400,"height":1000},{"@type":"BreadcrumbList","@id":"https:\/\/www.munich-business-school.de\/insights\/2025\/mbs-alumna-zur-professorin-an-renommierter-universitaet-tec-de-monterrey-ernannt\/#breadcrumb","itemListElement":[{"@type":"ListItem","position":1,"name":"Home","item":"https:\/\/www.munich-business-school.de\/insights\/en\/home\/"},{"@type":"ListItem","position":2,"name":"Beitragsart","item":"https:\/\/www.munich-business-school.de\/insights\/category\/beitragsart\/"},{"@type":"ListItem","position":3,"name":"MBS News","item":"https:\/\/www.munich-business-school.de\/insights\/category\/beitragsart\/mbs-news-de\/"},{"@type":"ListItem","position":4,"name":"MBS-Alumna zur Professorin an renommierter Universit\u00e4t Tec de Monterrey ernannt"}]},{"@type":"WebSite","@id":"https:\/\/www.munich-business-school.de\/insights\/#website","url":"https:\/\/www.munich-business-school.de\/insights\/","name":"Munich Business School Insights","description":"Der Hochschulblog der Munich Business School: News zu Studium, Forschung, Lehre und Wirtschaft","publisher":{"@id":"https:\/\/www.munich-business-school.de\/insights\/#organization"},"potentialAction":[{"@type":"SearchAction","target":{"@type":"EntryPoint","urlTemplate":"https:\/\/www.munich-business-school.de\/insights\/?s={search_term_string}"},"query-input":{"@type":"PropertyValueSpecification","valueRequired":true,"valueName":"search_term_string"}}],"inLanguage":"de"},{"@type":"Organization","@id":"https:\/\/www.munich-business-school.de\/insights\/#organization","name":"Munich Business School","url":"https:\/\/www.munich-business-school.de\/insights\/","logo":{"@type":"ImageObject","inLanguage":"de","@id":"https:\/\/www.munich-business-school.de\/insights\/#\/schema\/logo\/image\/","url":"https:\/\/www.munich-business-school.de\/insights\/wp-content\/uploads\/2018\/02\/b_MBS.png","contentUrl":"https:\/\/www.munich-business-school.de\/insights\/wp-content\/uploads\/2018\/02\/b_MBS.png","width":567,"height":288,"caption":"Munich Business School"},"image":{"@id":"https:\/\/www.munich-business-school.de\/insights\/#\/schema\/logo\/image\/"},"sameAs":["https:\/\/www.facebook.com\/Munich.Business.School\/","https:\/\/x.com\/MunichBSchool","https:\/\/www.instagram.com\/munichbschool\/","https:\/\/www.linkedin.com\/school\/388042\/","https:\/\/www.youtube.com\/MunichBSchool"]},{"@type":"Person","@id":"https:\/\/www.munich-business-school.de\/insights\/#\/schema\/person\/69bdbdb2c808a1956492af2820a2a820","name":"MBS","image":{"@type":"ImageObject","inLanguage":"de","@id":"https:\/\/www.munich-business-school.de\/insights\/#\/schema\/person\/image\/56172a01f644aa552b30b1fc7036db83","url":"https:\/\/www.munich-business-school.de\/insights\/wp-content\/uploads\/2024\/11\/cropped-MBS-Munich-Business-School-Icon-96x96.png","contentUrl":"https:\/\/www.munich-business-school.de\/insights\/wp-content\/uploads\/2024\/11\/cropped-MBS-Munich-Business-School-Icon-96x96.png","caption":"MBS"},"url":"https:\/\/www.munich-business-school.de\/insights\/author\/mbs\/"}]}},"_links":{"self":[{"href":"https:\/\/www.munich-business-school.de\/insights\/wp-json\/wp\/v2\/posts\/26511","targetHints":{"allow":["GET"]}}],"collection":[{"href":"https:\/\/www.munich-business-school.de\/insights\/wp-json\/wp\/v2\/posts"}],"about":[{"href":"https:\/\/www.munich-business-school.de\/insights\/wp-json\/wp\/v2\/types\/post"}],"author":[{"embeddable":true,"href":"https:\/\/www.munich-business-school.de\/insights\/wp-json\/wp\/v2\/users\/26"}],"replies":[{"embeddable":true,"href":"https:\/\/www.munich-business-school.de\/insights\/wp-json\/wp\/v2\/comments?post=26511"}],"version-history":[{"count":1,"href":"https:\/\/www.munich-business-school.de\/insights\/wp-json\/wp\/v2\/posts\/26511\/revisions"}],"predecessor-version":[{"id":26520,"href":"https:\/\/www.munich-business-school.de\/insights\/wp-json\/wp\/v2\/posts\/26511\/revisions\/26520"}],"wp:featuredmedia":[{"embeddable":true,"href":"https:\/\/www.munich-business-school.de\/insights\/wp-json\/wp\/v2\/media\/26523"}],"wp:attachment":[{"href":"https:\/\/www.munich-business-school.de\/insights\/wp-json\/wp\/v2\/media?parent=26511"}],"wp:term":[{"taxonomy":"category","embeddable":true,"href":"https:\/\/www.munich-business-school.de\/insights\/wp-json\/wp\/v2\/categories?post=26511"},{"taxonomy":"post_tag","embeddable":true,"href":"https:\/\/www.munich-business-school.de\/insights\/wp-json\/wp\/v2\/tags?post=26511"},{"taxonomy":"author","embeddable":true,"href":"https:\/\/www.munich-business-school.de\/insights\/wp-json\/wp\/v2\/coauthors?post=26511"}],"curies":[{"name":"wp","href":"https:\/\/api.w.org\/{rel}","templated":true}]}}