{"id":315,"date":"2015-09-08T16:01:54","date_gmt":"2015-09-08T14:01:54","guid":{"rendered":"http:\/\/www.munich-business-school.de\/insights\/?p=315"},"modified":"2017-09-08T15:48:46","modified_gmt":"2017-09-08T13:48:46","slug":"mbs-semester-opening-rekordzahl-bei-studienanfangern","status":"publish","type":"post","link":"https:\/\/www.munich-business-school.de\/insights\/2015\/mbs-semester-opening-rekordzahl-bei-studienanfangern\/","title":{"rendered":"MBS Semester Opening: Rekordzahl bei Studienanf\u00e4ngern"},"content":{"rendered":"<p><b>\u00dcber 250 neue Studierende aus mehr als 60 Nationen durfte die Munich Business School (MBS) auf ihrer offiziellen Semesterer\u00f6ffnung, dem MBS Semester Opening, willkommen hei\u00dfen. Damit konnte die Hochschule ihr Rekordergebnis aus dem Vorjahr best\u00e4tigen. Die Studienanf\u00e4nger verteilen sich auf die Studienprogramme Bachelor International Business, Master International Business, Master Sports Business and Communication sowie die beiden MBA-Studieng\u00e4nge International Management und General Management. Hinzu kamen internationale Gaststudenten, die ihr Auslandssemester an der MBS absolvieren.<\/b><\/p>\n<p>Die Munich Business School begr\u00fc\u00dft ihre neuen Studierenden traditionell mit dem Semester Opening im M\u00fcnchner K\u00fcnstlerhaus. So fanden sich die Studienanf\u00e4nger auch in diesem Jahr am Dienstag, den 8. September, im dortigen Festsaal ein, um gemeinsam das Semester zu er\u00f6ffnen.<\/p>\n<p>In festlicher Atmosph\u00e4re hie\u00df der Dekan der MBS, Prof. Dr. Stefan Baldi, die Studenten willkommen. In seiner Rede ging er unter anderem auf die Diversit\u00e4t der Studierendenschaft an der MBS ein, die die Hochschule zu einem Treffpunkt der Kulturen und Nationalit\u00e4ten macht. Auch Dr. Rudolf Gr\u00f6ger, Pr\u00e4sident der MBS, freute sich, die Studienanf\u00e4nger zu begr\u00fc\u00dfen. Er sprach \u00fcber die Besonderheiten der Ausbildung an der MBS und ging dabei unter anderem auf die Pers\u00f6nlichkeitsbildung der Studierenden ein, die w\u00e4hrend des MBS Studiums eine wichtige Rolle spielt.<\/p>\n<div id='gallery-1' class='gallery galleryid-315 gallery-columns-2 gallery-size-mh-magazine-content'><figure class='gallery-item'>\n\t\t\t<div class='gallery-icon landscape'>\n\t\t\t\t<a href='https:\/\/www.munich-business-school.de\/insights\/mbs-semester-opening-2015_05\/'><img loading=\"lazy\" decoding=\"async\" width=\"678\" height=\"381\" src=\"https:\/\/www.munich-business-school.de\/insights\/wp-content\/uploads\/2015\/12\/MBS-Semester-Opening-2015_05-678x381.jpg\" class=\"attachment-mh-magazine-content size-mh-magazine-content\" alt=\"\" aria-describedby=\"gallery-1-322\" \/><\/a>\n\t\t\t<\/div>\n\t\t\t\t<figcaption class='wp-caption-text gallery-caption' id='gallery-1-322'>\n\t\t\t\tProf. Dr. Herbert Henzler und Dr. Rudolf Gr\u00f6ger\n\t\t\t\t<\/figcaption><\/figure><figure class='gallery-item'>\n\t\t\t<div class='gallery-icon landscape'>\n\t\t\t\t<a href='https:\/\/www.munich-business-school.de\/insights\/mbs-semester-opening-2015_08\/'><img loading=\"lazy\" decoding=\"async\" width=\"678\" height=\"381\" src=\"https:\/\/www.munich-business-school.de\/insights\/wp-content\/uploads\/2015\/12\/MBS-Semester-Opening-2015_08-678x381.jpg\" class=\"attachment-mh-magazine-content size-mh-magazine-content\" alt=\"\" \/><\/a>\n\t\t\t<\/div><\/figure>\n\t\t<\/div>\n\n<p><b>Challenges of Tomorrow\u2019s Business World<\/b><\/p>\n<p>Im Anschluss folgte der mit Spannung erwartete Impulsvortrag von Prof. Dr. Herbert Henzler. Die MBS hatte die &#8222;Consulting-Legende&#8220; \u2013 so Dr. Gr\u00f6ger \u2013 als Keynote-Speaker gewinnen k\u00f6nnen. Der Top-Berater und ehemalige Europe Chairman von McKinsey sprach \u00fcber die &#8222;Challenges of Tomorrow&#8217;s Business World&#8220; und gab den Studienanf\u00e4ngern wichtige Tipps mit auf den Weg in ihre Karriere als zuk\u00fcnftige F\u00fchrungskr\u00e4fte in der Wirtschaft. Nach seiner hochinteressanten Rede beantwortete Prof. Dr. Henzler im interaktiven Austausch die Fragen der angehenden Studenten, die von der Keynote des erfahrenen Managers merklich beeindruckt waren.<\/p>\n<p>Im Anschluss pr\u00e4sentierte MBS Alumni Relations Manager Layla Eberle die MBS Networking-Plattform <a class=\"external-link-new-window\" href=\"http:\/\/mbsconnect.de\/\" target=\"_blank\" rel=\"noopener\">MBS Connect<\/a>, auch die MBS Studentensprecher und die verschiedenen\u00a0Studenteninitiativen stellten sich und ihre Arbeit vor.<\/p>\n<p>Zum feierlichen Abschluss der Veranstaltung baten Dekan Prof. Dr. Baldi und Pr\u00e4sident Dr. Gr\u00f6ger die Gewinner der MBS Awards auf die B\u00fchne. Damit zeichnet die Hochschule Studierende aus, die sich w\u00e4hrend ihrer Studienzeit, etwa in einer der Studenteninitiativen oder als &#8222;Botschafter&#8220; der MBS, au\u00dferordentlich hervorgetan haben. Erstmals wurde dabei der MBS Academic Award f\u00fcr besondere akademische Ergebnisse verliehen.<\/p>\n<p><b>Auf einen erfolgreichen Semesterstart!<\/b><\/p>\n<p>Gegen Mittag verabschiedete Hochschuldekan Prof. Dr. Stefan Baldi die Studienanf\u00e4nger und w\u00fcnschte ihnen einen erfolgreichen Start in ihr Studium und ihre Karriere. &#8222;Heute konnten sich unsere neuen Studenten bereits einen ersten Eindruck vom MBS Spirit machen. Jetzt ist es unsere Aufgabe, jeden von ihnen auf eine erfolgreiche Karriere als Unternehmer von morgen vorzubereiten. Vielleicht sa\u00df der n\u00e4chste Herbert Henzler ja heute hier im Saal&#8220;, so Baldi mit einem Augenzwinkern.<\/p>\n<div id='gallery-2' class='gallery galleryid-315 gallery-columns-1 gallery-size-mh-magazine-content'><figure class='gallery-item'>\n\t\t\t<div class='gallery-icon landscape'>\n\t\t\t\t<a href='https:\/\/www.munich-business-school.de\/insights\/mbs-semester-opening-2015_20\/'><img loading=\"lazy\" decoding=\"async\" width=\"678\" height=\"381\" src=\"https:\/\/www.munich-business-school.de\/insights\/wp-content\/uploads\/2015\/12\/MBS-Semester-Opening-2015_20-678x381.jpg\" class=\"attachment-mh-magazine-content size-mh-magazine-content\" alt=\"\" \/><\/a>\n\t\t\t<\/div><\/figure>\n\t\t<\/div>\n\n","protected":false},"excerpt":{"rendered":"<div class=\"mh-excerpt\"><p>\u00dcber 250 neue Studierende aus mehr als 60 Nationen durfte die Munich Business School (MBS) auf ihrer offiziellen Semesterer\u00f6ffnung, dem MBS Semester Opening, willkommen hei\u00dfen. Damit konnte die Hochschule ihr Rekordergebnis aus dem Vorjahr best\u00e4tigen. <a class=\"mh-excerpt-more\" href=\"https:\/\/www.munich-business-school.de\/insights\/2015\/mbs-semester-opening-rekordzahl-bei-studienanfangern\/\" title=\"MBS Semester Opening: Rekordzahl bei Studienanf\u00e4ngern\">[&#8230;]<\/a><\/p>\n<\/div>","protected":false},"author":26,"featured_media":321,"comment_status":"closed","ping_status":"open","sticky":false,"template":"","format":"standard","meta":{"footnotes":""},"categories":[10430,10432],"tags":[323,339,494],"coauthors":[685],"class_list":["post-315","post","type-post","status-publish","format-standard","has-post-thumbnail","hentry","category-archiv","category-archive","tag-herbert-henzler","tag-international-de","tag-semestereroeffnung"],"yoast_head":"<!-- This site is optimized with the Yoast SEO plugin v27.1.1 - https:\/\/yoast.com\/product\/yoast-seo-wordpress\/ -->\n<title>Blog Munich Business School<\/title>\n<meta name=\"description\" content=\"Blog Munich Business School\" \/>\n<meta name=\"robots\" content=\"index, follow, max-snippet:-1, max-image-preview:large, max-video-preview:-1\" \/>\n<link rel=\"canonical\" href=\"https:\/\/www.munich-business-school.de\/insights\/2015\/mbs-semester-opening-rekordzahl-bei-studienanfangern\/\" \/>\n<meta property=\"og:locale\" content=\"de_DE\" \/>\n<meta property=\"og:type\" content=\"article\" \/>\n<meta property=\"og:title\" content=\"Blog Munich Business School\" \/>\n<meta property=\"og:description\" content=\"Blog Munich Business School\" \/>\n<meta property=\"og:url\" content=\"https:\/\/www.munich-business-school.de\/insights\/2015\/mbs-semester-opening-rekordzahl-bei-studienanfangern\/\" \/>\n<meta property=\"og:site_name\" content=\"Munich Business School Insights\" \/>\n<meta property=\"article:publisher\" content=\"https:\/\/www.facebook.com\/Munich.Business.School\/\" \/>\n<meta property=\"article:published_time\" content=\"2015-09-08T14:01:54+00:00\" \/>\n<meta property=\"article:modified_time\" content=\"2017-09-08T13:48:46+00:00\" \/>\n<meta property=\"og:image\" content=\"https:\/\/www.munich-business-school.de\/insights\/wp-content\/uploads\/2015\/12\/MBS-Semester-Opening-2015_01.jpg\" \/>\n\t<meta property=\"og:image:width\" content=\"800\" \/>\n\t<meta property=\"og:image:height\" content=\"600\" \/>\n\t<meta property=\"og:image:type\" content=\"image\/jpeg\" \/>\n<meta name=\"author\" content=\"MBS\" \/>\n<meta name=\"twitter:card\" content=\"summary_large_image\" \/>\n<meta name=\"twitter:creator\" content=\"@MunichBSchool\" \/>\n<meta name=\"twitter:site\" content=\"@MunichBSchool\" \/>\n<meta name=\"twitter:label1\" content=\"Verfasst von\" \/>\n\t<meta name=\"twitter:data1\" content=\"MBS\" \/>\n\t<meta name=\"twitter:label2\" content=\"Gesch\u00e4tzte Lesezeit\" \/>\n\t<meta name=\"twitter:data2\" content=\"2\u00a0Minuten\" \/>\n\t<meta name=\"twitter:label3\" content=\"Written by\" \/>\n\t<meta name=\"twitter:data3\" content=\"MBS\" \/>\n<script type=\"application\/ld+json\" class=\"yoast-schema-graph\">{\"@context\":\"https:\/\/schema.org\",\"@graph\":[{\"@type\":\"Article\",\"@id\":\"https:\/\/www.munich-business-school.de\/insights\/2015\/mbs-semester-opening-rekordzahl-bei-studienanfangern\/#article\",\"isPartOf\":{\"@id\":\"https:\/\/www.munich-business-school.de\/insights\/2015\/mbs-semester-opening-rekordzahl-bei-studienanfangern\/\"},\"author\":{\"name\":\"MBS\",\"@id\":\"https:\/\/www.munich-business-school.de\/insights\/#\/schema\/person\/69bdbdb2c808a1956492af2820a2a820\"},\"headline\":\"MBS Semester Opening: Rekordzahl bei Studienanf\u00e4ngern\",\"datePublished\":\"2015-09-08T14:01:54+00:00\",\"dateModified\":\"2017-09-08T13:48:46+00:00\",\"mainEntityOfPage\":{\"@id\":\"https:\/\/www.munich-business-school.de\/insights\/2015\/mbs-semester-opening-rekordzahl-bei-studienanfangern\/\"},\"wordCount\":498,\"publisher\":{\"@id\":\"https:\/\/www.munich-business-school.de\/insights\/#organization\"},\"image\":{\"@id\":\"https:\/\/www.munich-business-school.de\/insights\/2015\/mbs-semester-opening-rekordzahl-bei-studienanfangern\/#primaryimage\"},\"thumbnailUrl\":\"https:\/\/www.munich-business-school.de\/insights\/wp-content\/uploads\/2015\/12\/MBS-Semester-Opening-2015_01.jpg\",\"keywords\":[\"Herbert Henzler\",\"International\",\"Semesterer\u00f6ffnung\"],\"articleSection\":[\"Archiv\",\"Archive\"],\"inLanguage\":\"de\"},{\"@type\":\"WebPage\",\"@id\":\"https:\/\/www.munich-business-school.de\/insights\/2015\/mbs-semester-opening-rekordzahl-bei-studienanfangern\/\",\"url\":\"https:\/\/www.munich-business-school.de\/insights\/2015\/mbs-semester-opening-rekordzahl-bei-studienanfangern\/\",\"name\":\"Blog Munich Business School\",\"isPartOf\":{\"@id\":\"https:\/\/www.munich-business-school.de\/insights\/#website\"},\"primaryImageOfPage\":{\"@id\":\"https:\/\/www.munich-business-school.de\/insights\/2015\/mbs-semester-opening-rekordzahl-bei-studienanfangern\/#primaryimage\"},\"image\":{\"@id\":\"https:\/\/www.munich-business-school.de\/insights\/2015\/mbs-semester-opening-rekordzahl-bei-studienanfangern\/#primaryimage\"},\"thumbnailUrl\":\"https:\/\/www.munich-business-school.de\/insights\/wp-content\/uploads\/2015\/12\/MBS-Semester-Opening-2015_01.jpg\",\"datePublished\":\"2015-09-08T14:01:54+00:00\",\"dateModified\":\"2017-09-08T13:48:46+00:00\",\"description\":\"Blog Munich Business School\",\"breadcrumb\":{\"@id\":\"https:\/\/www.munich-business-school.de\/insights\/2015\/mbs-semester-opening-rekordzahl-bei-studienanfangern\/#breadcrumb\"},\"inLanguage\":\"de\",\"potentialAction\":[{\"@type\":\"ReadAction\",\"target\":[\"https:\/\/www.munich-business-school.de\/insights\/2015\/mbs-semester-opening-rekordzahl-bei-studienanfangern\/\"]}]},{\"@type\":\"ImageObject\",\"inLanguage\":\"de\",\"@id\":\"https:\/\/www.munich-business-school.de\/insights\/2015\/mbs-semester-opening-rekordzahl-bei-studienanfangern\/#primaryimage\",\"url\":\"https:\/\/www.munich-business-school.de\/insights\/wp-content\/uploads\/2015\/12\/MBS-Semester-Opening-2015_01.jpg\",\"contentUrl\":\"https:\/\/www.munich-business-school.de\/insights\/wp-content\/uploads\/2015\/12\/MBS-Semester-Opening-2015_01.jpg\",\"width\":800,\"height\":600},{\"@type\":\"BreadcrumbList\",\"@id\":\"https:\/\/www.munich-business-school.de\/insights\/2015\/mbs-semester-opening-rekordzahl-bei-studienanfangern\/#breadcrumb\",\"itemListElement\":[{\"@type\":\"ListItem\",\"position\":1,\"name\":\"Home\",\"item\":\"https:\/\/www.munich-business-school.de\/insights\/en\/home\/\"},{\"@type\":\"ListItem\",\"position\":2,\"name\":\"Archiv\",\"item\":\"https:\/\/www.munich-business-school.de\/insights\/category\/archiv\/\"},{\"@type\":\"ListItem\",\"position\":3,\"name\":\"MBS Semester Opening: Rekordzahl bei Studienanf\u00e4ngern\"}]},{\"@type\":\"WebSite\",\"@id\":\"https:\/\/www.munich-business-school.de\/insights\/#website\",\"url\":\"https:\/\/www.munich-business-school.de\/insights\/\",\"name\":\"Munich Business School Insights\",\"description\":\"Der Hochschulblog der Munich Business School: News zu Studium, Forschung, Lehre und Wirtschaft\",\"publisher\":{\"@id\":\"https:\/\/www.munich-business-school.de\/insights\/#organization\"},\"potentialAction\":[{\"@type\":\"SearchAction\",\"target\":{\"@type\":\"EntryPoint\",\"urlTemplate\":\"https:\/\/www.munich-business-school.de\/insights\/?s={search_term_string}\"},\"query-input\":{\"@type\":\"PropertyValueSpecification\",\"valueRequired\":true,\"valueName\":\"search_term_string\"}}],\"inLanguage\":\"de\"},{\"@type\":\"Organization\",\"@id\":\"https:\/\/www.munich-business-school.de\/insights\/#organization\",\"name\":\"Munich Business School\",\"url\":\"https:\/\/www.munich-business-school.de\/insights\/\",\"logo\":{\"@type\":\"ImageObject\",\"inLanguage\":\"de\",\"@id\":\"https:\/\/www.munich-business-school.de\/insights\/#\/schema\/logo\/image\/\",\"url\":\"https:\/\/www.munich-business-school.de\/insights\/wp-content\/uploads\/2018\/02\/b_MBS.png\",\"contentUrl\":\"https:\/\/www.munich-business-school.de\/insights\/wp-content\/uploads\/2018\/02\/b_MBS.png\",\"width\":567,\"height\":288,\"caption\":\"Munich Business School\"},\"image\":{\"@id\":\"https:\/\/www.munich-business-school.de\/insights\/#\/schema\/logo\/image\/\"},\"sameAs\":[\"https:\/\/www.facebook.com\/Munich.Business.School\/\",\"https:\/\/x.com\/MunichBSchool\",\"https:\/\/www.instagram.com\/munichbschool\/\",\"https:\/\/www.linkedin.com\/school\/388042\/\",\"https:\/\/www.youtube.com\/MunichBSchool\"]},{\"@type\":\"Person\",\"@id\":\"https:\/\/www.munich-business-school.de\/insights\/#\/schema\/person\/69bdbdb2c808a1956492af2820a2a820\",\"name\":\"MBS\",\"image\":{\"@type\":\"ImageObject\",\"inLanguage\":\"de\",\"@id\":\"https:\/\/www.munich-business-school.de\/insights\/#\/schema\/person\/image\/56172a01f644aa552b30b1fc7036db83\",\"url\":\"https:\/\/www.munich-business-school.de\/insights\/wp-content\/uploads\/2024\/11\/cropped-MBS-Munich-Business-School-Icon-96x96.png\",\"contentUrl\":\"https:\/\/www.munich-business-school.de\/insights\/wp-content\/uploads\/2024\/11\/cropped-MBS-Munich-Business-School-Icon-96x96.png\",\"caption\":\"MBS\"},\"url\":\"https:\/\/www.munich-business-school.de\/insights\/author\/mbs\/\"}]}<\/script>\n<!-- \/ Yoast SEO plugin. -->","yoast_head_json":{"title":"Blog Munich Business School","description":"Blog Munich Business School","robots":{"index":"index","follow":"follow","max-snippet":"max-snippet:-1","max-image-preview":"max-image-preview:large","max-video-preview":"max-video-preview:-1"},"canonical":"https:\/\/www.munich-business-school.de\/insights\/2015\/mbs-semester-opening-rekordzahl-bei-studienanfangern\/","og_locale":"de_DE","og_type":"article","og_title":"Blog Munich Business School","og_description":"Blog Munich Business School","og_url":"https:\/\/www.munich-business-school.de\/insights\/2015\/mbs-semester-opening-rekordzahl-bei-studienanfangern\/","og_site_name":"Munich Business School Insights","article_publisher":"https:\/\/www.facebook.com\/Munich.Business.School\/","article_published_time":"2015-09-08T14:01:54+00:00","article_modified_time":"2017-09-08T13:48:46+00:00","og_image":[{"width":800,"height":600,"url":"https:\/\/www.munich-business-school.de\/insights\/wp-content\/uploads\/2015\/12\/MBS-Semester-Opening-2015_01.jpg","type":"image\/jpeg"}],"author":"MBS","twitter_card":"summary_large_image","twitter_creator":"@MunichBSchool","twitter_site":"@MunichBSchool","twitter_misc":{"Verfasst von":"MBS","Gesch\u00e4tzte Lesezeit":"2\u00a0Minuten","Written by":"MBS"},"schema":{"@context":"https:\/\/schema.org","@graph":[{"@type":"Article","@id":"https:\/\/www.munich-business-school.de\/insights\/2015\/mbs-semester-opening-rekordzahl-bei-studienanfangern\/#article","isPartOf":{"@id":"https:\/\/www.munich-business-school.de\/insights\/2015\/mbs-semester-opening-rekordzahl-bei-studienanfangern\/"},"author":{"name":"MBS","@id":"https:\/\/www.munich-business-school.de\/insights\/#\/schema\/person\/69bdbdb2c808a1956492af2820a2a820"},"headline":"MBS Semester Opening: Rekordzahl bei Studienanf\u00e4ngern","datePublished":"2015-09-08T14:01:54+00:00","dateModified":"2017-09-08T13:48:46+00:00","mainEntityOfPage":{"@id":"https:\/\/www.munich-business-school.de\/insights\/2015\/mbs-semester-opening-rekordzahl-bei-studienanfangern\/"},"wordCount":498,"publisher":{"@id":"https:\/\/www.munich-business-school.de\/insights\/#organization"},"image":{"@id":"https:\/\/www.munich-business-school.de\/insights\/2015\/mbs-semester-opening-rekordzahl-bei-studienanfangern\/#primaryimage"},"thumbnailUrl":"https:\/\/www.munich-business-school.de\/insights\/wp-content\/uploads\/2015\/12\/MBS-Semester-Opening-2015_01.jpg","keywords":["Herbert Henzler","International","Semesterer\u00f6ffnung"],"articleSection":["Archiv","Archive"],"inLanguage":"de"},{"@type":"WebPage","@id":"https:\/\/www.munich-business-school.de\/insights\/2015\/mbs-semester-opening-rekordzahl-bei-studienanfangern\/","url":"https:\/\/www.munich-business-school.de\/insights\/2015\/mbs-semester-opening-rekordzahl-bei-studienanfangern\/","name":"Blog Munich Business School","isPartOf":{"@id":"https:\/\/www.munich-business-school.de\/insights\/#website"},"primaryImageOfPage":{"@id":"https:\/\/www.munich-business-school.de\/insights\/2015\/mbs-semester-opening-rekordzahl-bei-studienanfangern\/#primaryimage"},"image":{"@id":"https:\/\/www.munich-business-school.de\/insights\/2015\/mbs-semester-opening-rekordzahl-bei-studienanfangern\/#primaryimage"},"thumbnailUrl":"https:\/\/www.munich-business-school.de\/insights\/wp-content\/uploads\/2015\/12\/MBS-Semester-Opening-2015_01.jpg","datePublished":"2015-09-08T14:01:54+00:00","dateModified":"2017-09-08T13:48:46+00:00","description":"Blog Munich Business School","breadcrumb":{"@id":"https:\/\/www.munich-business-school.de\/insights\/2015\/mbs-semester-opening-rekordzahl-bei-studienanfangern\/#breadcrumb"},"inLanguage":"de","potentialAction":[{"@type":"ReadAction","target":["https:\/\/www.munich-business-school.de\/insights\/2015\/mbs-semester-opening-rekordzahl-bei-studienanfangern\/"]}]},{"@type":"ImageObject","inLanguage":"de","@id":"https:\/\/www.munich-business-school.de\/insights\/2015\/mbs-semester-opening-rekordzahl-bei-studienanfangern\/#primaryimage","url":"https:\/\/www.munich-business-school.de\/insights\/wp-content\/uploads\/2015\/12\/MBS-Semester-Opening-2015_01.jpg","contentUrl":"https:\/\/www.munich-business-school.de\/insights\/wp-content\/uploads\/2015\/12\/MBS-Semester-Opening-2015_01.jpg","width":800,"height":600},{"@type":"BreadcrumbList","@id":"https:\/\/www.munich-business-school.de\/insights\/2015\/mbs-semester-opening-rekordzahl-bei-studienanfangern\/#breadcrumb","itemListElement":[{"@type":"ListItem","position":1,"name":"Home","item":"https:\/\/www.munich-business-school.de\/insights\/en\/home\/"},{"@type":"ListItem","position":2,"name":"Archiv","item":"https:\/\/www.munich-business-school.de\/insights\/category\/archiv\/"},{"@type":"ListItem","position":3,"name":"MBS Semester Opening: Rekordzahl bei Studienanf\u00e4ngern"}]},{"@type":"WebSite","@id":"https:\/\/www.munich-business-school.de\/insights\/#website","url":"https:\/\/www.munich-business-school.de\/insights\/","name":"Munich Business School Insights","description":"Der Hochschulblog der Munich Business School: News zu Studium, Forschung, Lehre und Wirtschaft","publisher":{"@id":"https:\/\/www.munich-business-school.de\/insights\/#organization"},"potentialAction":[{"@type":"SearchAction","target":{"@type":"EntryPoint","urlTemplate":"https:\/\/www.munich-business-school.de\/insights\/?s={search_term_string}"},"query-input":{"@type":"PropertyValueSpecification","valueRequired":true,"valueName":"search_term_string"}}],"inLanguage":"de"},{"@type":"Organization","@id":"https:\/\/www.munich-business-school.de\/insights\/#organization","name":"Munich Business School","url":"https:\/\/www.munich-business-school.de\/insights\/","logo":{"@type":"ImageObject","inLanguage":"de","@id":"https:\/\/www.munich-business-school.de\/insights\/#\/schema\/logo\/image\/","url":"https:\/\/www.munich-business-school.de\/insights\/wp-content\/uploads\/2018\/02\/b_MBS.png","contentUrl":"https:\/\/www.munich-business-school.de\/insights\/wp-content\/uploads\/2018\/02\/b_MBS.png","width":567,"height":288,"caption":"Munich Business School"},"image":{"@id":"https:\/\/www.munich-business-school.de\/insights\/#\/schema\/logo\/image\/"},"sameAs":["https:\/\/www.facebook.com\/Munich.Business.School\/","https:\/\/x.com\/MunichBSchool","https:\/\/www.instagram.com\/munichbschool\/","https:\/\/www.linkedin.com\/school\/388042\/","https:\/\/www.youtube.com\/MunichBSchool"]},{"@type":"Person","@id":"https:\/\/www.munich-business-school.de\/insights\/#\/schema\/person\/69bdbdb2c808a1956492af2820a2a820","name":"MBS","image":{"@type":"ImageObject","inLanguage":"de","@id":"https:\/\/www.munich-business-school.de\/insights\/#\/schema\/person\/image\/56172a01f644aa552b30b1fc7036db83","url":"https:\/\/www.munich-business-school.de\/insights\/wp-content\/uploads\/2024\/11\/cropped-MBS-Munich-Business-School-Icon-96x96.png","contentUrl":"https:\/\/www.munich-business-school.de\/insights\/wp-content\/uploads\/2024\/11\/cropped-MBS-Munich-Business-School-Icon-96x96.png","caption":"MBS"},"url":"https:\/\/www.munich-business-school.de\/insights\/author\/mbs\/"}]}},"_links":{"self":[{"href":"https:\/\/www.munich-business-school.de\/insights\/wp-json\/wp\/v2\/posts\/315","targetHints":{"allow":["GET"]}}],"collection":[{"href":"https:\/\/www.munich-business-school.de\/insights\/wp-json\/wp\/v2\/posts"}],"about":[{"href":"https:\/\/www.munich-business-school.de\/insights\/wp-json\/wp\/v2\/types\/post"}],"author":[{"embeddable":true,"href":"https:\/\/www.munich-business-school.de\/insights\/wp-json\/wp\/v2\/users\/26"}],"replies":[{"embeddable":true,"href":"https:\/\/www.munich-business-school.de\/insights\/wp-json\/wp\/v2\/comments?post=315"}],"version-history":[{"count":2,"href":"https:\/\/www.munich-business-school.de\/insights\/wp-json\/wp\/v2\/posts\/315\/revisions"}],"predecessor-version":[{"id":7601,"href":"https:\/\/www.munich-business-school.de\/insights\/wp-json\/wp\/v2\/posts\/315\/revisions\/7601"}],"wp:featuredmedia":[{"embeddable":true,"href":"https:\/\/www.munich-business-school.de\/insights\/wp-json\/wp\/v2\/media\/321"}],"wp:attachment":[{"href":"https:\/\/www.munich-business-school.de\/insights\/wp-json\/wp\/v2\/media?parent=315"}],"wp:term":[{"taxonomy":"category","embeddable":true,"href":"https:\/\/www.munich-business-school.de\/insights\/wp-json\/wp\/v2\/categories?post=315"},{"taxonomy":"post_tag","embeddable":true,"href":"https:\/\/www.munich-business-school.de\/insights\/wp-json\/wp\/v2\/tags?post=315"},{"taxonomy":"author","embeddable":true,"href":"https:\/\/www.munich-business-school.de\/insights\/wp-json\/wp\/v2\/coauthors?post=315"}],"curies":[{"name":"wp","href":"https:\/\/api.w.org\/{rel}","templated":true}]}}