{"id":7152,"date":"2017-06-20T12:21:31","date_gmt":"2017-06-20T10:21:31","guid":{"rendered":"http:\/\/www.munich-business-school.de\/insights\/?p=7152"},"modified":"2017-06-20T12:21:31","modified_gmt":"2017-06-20T10:21:31","slug":"25-years-25-profiles-eigner","status":"publish","type":"post","link":"https:\/\/www.munich-business-school.de\/insights\/en\/2017\/25-years-25-profiles-eigner\/","title":{"rendered":"25 Years \u2013 25 Profiles: Annalena Eigner"},"content":{"rendered":"<p><em>The academic year of 2016\/17 is a truly special one for <a title=\"Bachelor-, Master- und MBA-Studieng\u00e4ngen \u00fcber das Doktoratsprogramm bis hin zu Executive Education: Die Munich Business School \u00fcberzeugt durch ein breit gef\u00e4chertes Angebot an staatlich anerkannten Vollzeit- und Teilzeitprogrammen.\" href=\"https:\/\/www.munich-business-school.de\/en\/home.html\">Munich Business School<\/a>: MBS celebrates its 25th anniversary. To mark the jubilee, we would like to present you 25 people from the \u201cMBS cosmos\u201d and their stories from 25 years of Munich Business School \u2013 in our blog series \u201c25 Years \u2013 25 Profiles\u201d.\u00a0<\/em><\/p>\n<h3>An Unexpected Family Entrepreneur<\/h3>\n<figure id=\"attachment_7148\" aria-describedby=\"caption-attachment-7148\" style=\"width: 240px\" class=\"wp-caption alignleft\"><a href=\"http:\/\/www.munich-business-school.de\/insights\/wp-content\/uploads\/2017\/06\/Annalena-Eigner.jpg\"><img loading=\"lazy\" decoding=\"async\" class=\"wp-image-7148 size-full\" src=\"http:\/\/www.munich-business-school.de\/insights\/wp-content\/uploads\/2017\/06\/Annalena-Eigner.jpg\" alt=\"Annalena Eigner\" width=\"240\" height=\"240\" srcset=\"https:\/\/www.munich-business-school.de\/insights\/wp-content\/uploads\/2017\/06\/Annalena-Eigner.jpg 240w, https:\/\/www.munich-business-school.de\/insights\/wp-content\/uploads\/2017\/06\/Annalena-Eigner-150x150.jpg 150w, https:\/\/www.munich-business-school.de\/insights\/wp-content\/uploads\/2017\/06\/Annalena-Eigner-200x200.jpg 200w, https:\/\/www.munich-business-school.de\/insights\/wp-content\/uploads\/2017\/06\/Annalena-Eigner-32x32.jpg 32w, https:\/\/www.munich-business-school.de\/insights\/wp-content\/uploads\/2017\/06\/Annalena-Eigner-50x50.jpg 50w, https:\/\/www.munich-business-school.de\/insights\/wp-content\/uploads\/2017\/06\/Annalena-Eigner-64x64.jpg 64w, https:\/\/www.munich-business-school.de\/insights\/wp-content\/uploads\/2017\/06\/Annalena-Eigner-96x96.jpg 96w, https:\/\/www.munich-business-school.de\/insights\/wp-content\/uploads\/2017\/06\/Annalena-Eigner-128x128.jpg 128w\" sizes=\"auto, (max-width: 240px) 100vw, 240px\" \/><\/a><figcaption id=\"caption-attachment-7148\" class=\"wp-caption-text\">Annalena Eigner, MBA General Management alumna.<\/figcaption><\/figure>\n<p><em>Annalena Eigner is a 2016 MBA General Management graduate of Munich Business School and a successful family entrepreneur.<\/em><\/p>\n<p>\u201cI never expected to ever work in my father\u2018s company,\u201d Annalena Eigner, Head of Sales at Bayern-Fass GmbH \u2013 her father\u2018s company \u2013 laughs. \u201cNot because I didn\u2018t want my father to also be my boss, but because I never thought I\u2018d be working in such a technical industry. Without trying to use the clich\u00e9s: It\u2018s not a typical career objective for a young woman to work in a company that produces and recycles industrial packagings.\u201d<\/p>\n<p>Today, Annalena cannot imagine doing anything other than working in \u201cher\u201d family business. The company was founded by her great-great-grandfather in 1870, at the time using the name \u201cFass-Handlung Johann Eigner\u201d. Today, Bayern-Fass is a leading provider of reconditioning services, i.e. recycling of industrial packagings, in Europe, with four subsidiaries in Southern Germany.<\/p>\n<p>\u201cThe company has always been owned by the family, and has always been managed by a family member. My father in particular has developed Bayern-Fass into a large enterprise over the last decades. My brother, sister and I are now the fifth generation of our family who work in the company,\u201d Annalena summarizes the history of Bayern-Fass.<\/p>\n<h3>Faraway Countries or Family Business?<\/h3>\n<p>For a long time, it didn\u2018t seem like she would once be involved in developing the family firm: \u201cI was more interested in languages and far-off countries even while at school. Spain and Latin America in particular were very fascinating to me. After obtaining my university-entrance diploma, I wanted to go on an extended travel through Latin America. In the end, I spent a year in Mexico. It was a great time in a fascinating country,\u201d Annalena, who speaks four foreign languages, remembers. \u201cBack in Germany, I wanted to study tourism or something related to languages. Finally, I chose a Bachelor\u2018s degree in Latin-American Studies.\u201d<\/p>\n<p>After spending a semester in Rio de Janeiro and completing her degree, she had to decide what to do next. \u201cI wanted to start a career, but I didn\u2018t know what I wanted to do precisely. My father suggested that I should take my time to think about where to take my career, and to do a trainee program in our family\u2018s company in the meantime. I thought that was a good idea. Not long after that, I was sitting in the sales department of Bayern-Fass.\u201d<\/p>\n<p>The \u201cunexpected\u201d happened then. \u201cThe work was great fun,\u201d Annalena describes her initial work experiences at her father\u2018s company. \u201cWhen a position in the same department became vacant a short time later, I didn\u2018t have to think twice about it. I told my father that I wanted a fixed position in the company. I guess, he was a bit surprised, but of course very happy.\u201d<\/p>\n<h3>A New Passion<\/h3>\n<p>\u201cI quickly developed a great passion for our family business: For the first time, I had really deep insights into the company and its history. I became aware of what my father, my grandfather and the generations before them had achieved \u2013 and that I wanted to contribute to continuing this legacy,\u201d Annalena describes her \u201crebirth\u201d as a family entrepreneur. \u201cI now faced the challenge of living up to this responsibility without having ever properly prepared myself for it. I didn\u2018t have the business management knowledge and had only dealt with subjects such as personnel management marginally and by \u2018learning by doing\u2019 before.\u201d<\/p>\n<p>So should she take a career break and do a Master\u2018s degree? That wasn\u2018t an option for Annalena. She enjoyed her daily work in the family business too much. Extra-occupational studies? She felt too young for that. Nevertheless, she dared take this step and started the part-time MBA at Munich Business School.<\/p>\n<p>\u201cAs expected, I was one of the youngest in my class. For the most part, my fellow students came with some more professional experience than I. Some of them had also worked abroad before. I was able to profit a lot from that,\u201d Annalena tells about her time at MBS. \u201cThe decision to do the MBA was one of the most important ones of my life: Not only due to the exchange of experience with my fellow students and the knowledge I was taught there; my studies also greatly influenced my personal development. I gained the self-confidence and self-<br \/>\nesteem to take responsibility within our family business.\u201d<\/p>\n<h3>New Career Objective: Family Entrepreneur<\/h3>\n<p>After her MBA degree, Annalena became the Head of Sales at Bayern-Fass. She has matured into a full-blooded family entrepreneur: \u201cToday, I consider it the most important objective of my career to continue the legacy of our entrepreneurial family and to hand over the company to the next generation one day.\u201d<\/p>\n<figure id=\"attachment_3914\" aria-describedby=\"caption-attachment-3914\" style=\"width: 678px\" class=\"wp-caption alignleft\"><a href=\"http:\/\/www.munich-business-school.de\/insights\/wp-content\/uploads\/2016\/05\/MBS-Quito-3.jpg\"><img loading=\"lazy\" decoding=\"async\" class=\"wp-image-3914 size-mh-magazine-content\" src=\"http:\/\/www.munich-business-school.de\/insights\/wp-content\/uploads\/2016\/05\/MBS-Quito-3-678x381.jpg\" alt=\"MBS Family Business Quito\" width=\"678\" height=\"381\" \/><\/a><figcaption id=\"caption-attachment-3914\" class=\"wp-caption-text\">Annalena Eigner during the 2nd Family Business Summit in Quito, Ecuador.<\/figcaption><\/figure>\n<p>What about Spain, Mexico, Latin America? \u201cAt my graduation ceremony at MBS, Prof. Dr. Bergfeld, the Academic Director of our study program, approached me. He and his corporate consultancy organize advanced training programs for family entrepreneurs in South America. He asked me: \u2018You\u2018re a family entrepreneur and you speak Spanish? Would you like to give a lecture at an event in Ecuador?\u2019 I gladly agreed and was able to establish contacts that way. Today, MBA students from South America who spend their International Week at MBS often visit our company headquarters to get an idea of a typical German family business,\u201d says Annalena.<\/p>\n<p>\u201cEven though I didn\u2018t end up in Latin or South America, South America does visit me, at least,\u201d she says with a wink. \u201cMy boyfriend, who also works in our family\u2018s company by now, is a Mexican, too. So Latin America still does play an important role in my life.\u201d<\/p>\n","protected":false},"excerpt":{"rendered":"<div class=\"mh-excerpt\"><p>The academic year of 2016\/17 is a truly special one for Munich Business School: MBS celebrates its 25th anniversary. To mark the jubilee, we would like to present you 25 people from the \u201cMBS cosmos\u201d <a class=\"mh-excerpt-more\" href=\"https:\/\/www.munich-business-school.de\/insights\/en\/2017\/25-years-25-profiles-eigner\/\" title=\"25 Years \u2013 25 Profiles: Annalena Eigner\">[&#8230;]<\/a><\/p>\n<\/div>","protected":false},"author":26,"featured_media":5580,"comment_status":"open","ping_status":"closed","sticky":false,"template":"","format":"standard","meta":{"footnotes":""},"categories":[10430,10432],"tags":[4640,4218,5469,5471,3581,3707],"coauthors":[685],"class_list":["post-7152","post","type-post","status-publish","format-standard","has-post-thumbnail","hentry","category-archiv","category-archive","tag-25-profiles","tag-25-years-en","tag-annalena-eigner-en","tag-bayern-fass-en","tag-family-business","tag-family-firm"],"yoast_head":"<!-- This site is optimized with the Yoast SEO plugin v27.1.1 - https:\/\/yoast.com\/product\/yoast-seo-wordpress\/ -->\n<title>Blog Munich Business School<\/title>\n<meta name=\"description\" content=\"Blog Munich Business School\" \/>\n<meta name=\"robots\" content=\"index, follow, max-snippet:-1, max-image-preview:large, max-video-preview:-1\" \/>\n<link rel=\"canonical\" href=\"https:\/\/www.munich-business-school.de\/insights\/en\/2017\/25-years-25-profiles-eigner\/\" \/>\n<meta property=\"og:locale\" content=\"de_DE\" \/>\n<meta property=\"og:type\" content=\"article\" \/>\n<meta property=\"og:title\" content=\"Blog Munich Business School\" \/>\n<meta property=\"og:description\" content=\"Blog Munich Business School\" \/>\n<meta property=\"og:url\" content=\"https:\/\/www.munich-business-school.de\/insights\/en\/2017\/25-years-25-profiles-eigner\/\" \/>\n<meta property=\"og:site_name\" content=\"Munich Business School Insights\" \/>\n<meta property=\"article:publisher\" content=\"https:\/\/www.facebook.com\/Munich.Business.School\/\" \/>\n<meta property=\"article:published_time\" content=\"2017-06-20T10:21:31+00:00\" \/>\n<meta property=\"og:image\" content=\"https:\/\/www.munich-business-school.de\/insights\/wp-content\/uploads\/2016\/12\/25-Years-25-Profiles-en.jpg\" \/>\n\t<meta property=\"og:image:width\" content=\"678\" \/>\n\t<meta property=\"og:image:height\" content=\"381\" \/>\n\t<meta property=\"og:image:type\" content=\"image\/jpeg\" \/>\n<meta name=\"author\" content=\"MBS\" \/>\n<meta name=\"twitter:card\" content=\"summary_large_image\" \/>\n<meta name=\"twitter:creator\" content=\"@MunichBSchool\" \/>\n<meta name=\"twitter:site\" content=\"@MunichBSchool\" \/>\n<meta name=\"twitter:label1\" content=\"Verfasst von\" \/>\n\t<meta name=\"twitter:data1\" content=\"MBS\" \/>\n\t<meta name=\"twitter:label2\" content=\"Gesch\u00e4tzte Lesezeit\" \/>\n\t<meta name=\"twitter:data2\" content=\"5\u00a0Minuten\" \/>\n\t<meta name=\"twitter:label3\" content=\"Written by\" \/>\n\t<meta name=\"twitter:data3\" content=\"MBS\" \/>\n<script type=\"application\/ld+json\" class=\"yoast-schema-graph\">{\"@context\":\"https:\/\/schema.org\",\"@graph\":[{\"@type\":\"Article\",\"@id\":\"https:\/\/www.munich-business-school.de\/insights\/en\/2017\/25-years-25-profiles-eigner\/#article\",\"isPartOf\":{\"@id\":\"https:\/\/www.munich-business-school.de\/insights\/en\/2017\/25-years-25-profiles-eigner\/\"},\"author\":{\"name\":\"MBS\",\"@id\":\"https:\/\/www.munich-business-school.de\/insights\/#\/schema\/person\/69bdbdb2c808a1956492af2820a2a820\"},\"headline\":\"25 Years \u2013 25 Profiles: Annalena Eigner\",\"datePublished\":\"2017-06-20T10:21:31+00:00\",\"mainEntityOfPage\":{\"@id\":\"https:\/\/www.munich-business-school.de\/insights\/en\/2017\/25-years-25-profiles-eigner\/\"},\"wordCount\":1040,\"commentCount\":0,\"publisher\":{\"@id\":\"https:\/\/www.munich-business-school.de\/insights\/#organization\"},\"image\":{\"@id\":\"https:\/\/www.munich-business-school.de\/insights\/en\/2017\/25-years-25-profiles-eigner\/#primaryimage\"},\"thumbnailUrl\":\"https:\/\/www.munich-business-school.de\/insights\/wp-content\/uploads\/2016\/12\/25-Years-25-Profiles-en.jpg\",\"keywords\":[\"25 Profiles\",\"25 Years\",\"Annalena Eigner\",\"Bayern-Fass\",\"Family Business\",\"Family Firm\"],\"articleSection\":[\"Archiv\",\"Archive\"],\"inLanguage\":\"de\",\"potentialAction\":[{\"@type\":\"CommentAction\",\"name\":\"Comment\",\"target\":[\"https:\/\/www.munich-business-school.de\/insights\/en\/2017\/25-years-25-profiles-eigner\/#respond\"]}]},{\"@type\":\"WebPage\",\"@id\":\"https:\/\/www.munich-business-school.de\/insights\/en\/2017\/25-years-25-profiles-eigner\/\",\"url\":\"https:\/\/www.munich-business-school.de\/insights\/en\/2017\/25-years-25-profiles-eigner\/\",\"name\":\"Blog Munich Business School\",\"isPartOf\":{\"@id\":\"https:\/\/www.munich-business-school.de\/insights\/#website\"},\"primaryImageOfPage\":{\"@id\":\"https:\/\/www.munich-business-school.de\/insights\/en\/2017\/25-years-25-profiles-eigner\/#primaryimage\"},\"image\":{\"@id\":\"https:\/\/www.munich-business-school.de\/insights\/en\/2017\/25-years-25-profiles-eigner\/#primaryimage\"},\"thumbnailUrl\":\"https:\/\/www.munich-business-school.de\/insights\/wp-content\/uploads\/2016\/12\/25-Years-25-Profiles-en.jpg\",\"datePublished\":\"2017-06-20T10:21:31+00:00\",\"description\":\"Blog Munich Business School\",\"breadcrumb\":{\"@id\":\"https:\/\/www.munich-business-school.de\/insights\/en\/2017\/25-years-25-profiles-eigner\/#breadcrumb\"},\"inLanguage\":\"de\",\"potentialAction\":[{\"@type\":\"ReadAction\",\"target\":[\"https:\/\/www.munich-business-school.de\/insights\/en\/2017\/25-years-25-profiles-eigner\/\"]}]},{\"@type\":\"ImageObject\",\"inLanguage\":\"de\",\"@id\":\"https:\/\/www.munich-business-school.de\/insights\/en\/2017\/25-years-25-profiles-eigner\/#primaryimage\",\"url\":\"https:\/\/www.munich-business-school.de\/insights\/wp-content\/uploads\/2016\/12\/25-Years-25-Profiles-en.jpg\",\"contentUrl\":\"https:\/\/www.munich-business-school.de\/insights\/wp-content\/uploads\/2016\/12\/25-Years-25-Profiles-en.jpg\",\"width\":678,\"height\":381,\"caption\":\"MBS 25 Years 25 Profiles\"},{\"@type\":\"BreadcrumbList\",\"@id\":\"https:\/\/www.munich-business-school.de\/insights\/en\/2017\/25-years-25-profiles-eigner\/#breadcrumb\",\"itemListElement\":[{\"@type\":\"ListItem\",\"position\":1,\"name\":\"Home\",\"item\":\"https:\/\/www.munich-business-school.de\/insights\/en\/home\/\"},{\"@type\":\"ListItem\",\"position\":2,\"name\":\"Archiv\",\"item\":\"https:\/\/www.munich-business-school.de\/insights\/category\/archiv\/\"},{\"@type\":\"ListItem\",\"position\":3,\"name\":\"25 Years \u2013 25 Profiles: Annalena Eigner\"}]},{\"@type\":\"WebSite\",\"@id\":\"https:\/\/www.munich-business-school.de\/insights\/#website\",\"url\":\"https:\/\/www.munich-business-school.de\/insights\/\",\"name\":\"Munich Business School Insights\",\"description\":\"Der Hochschulblog der Munich Business School: News zu Studium, Forschung, Lehre und Wirtschaft\",\"publisher\":{\"@id\":\"https:\/\/www.munich-business-school.de\/insights\/#organization\"},\"potentialAction\":[{\"@type\":\"SearchAction\",\"target\":{\"@type\":\"EntryPoint\",\"urlTemplate\":\"https:\/\/www.munich-business-school.de\/insights\/?s={search_term_string}\"},\"query-input\":{\"@type\":\"PropertyValueSpecification\",\"valueRequired\":true,\"valueName\":\"search_term_string\"}}],\"inLanguage\":\"de\"},{\"@type\":\"Organization\",\"@id\":\"https:\/\/www.munich-business-school.de\/insights\/#organization\",\"name\":\"Munich Business School\",\"url\":\"https:\/\/www.munich-business-school.de\/insights\/\",\"logo\":{\"@type\":\"ImageObject\",\"inLanguage\":\"de\",\"@id\":\"https:\/\/www.munich-business-school.de\/insights\/#\/schema\/logo\/image\/\",\"url\":\"https:\/\/www.munich-business-school.de\/insights\/wp-content\/uploads\/2018\/02\/b_MBS.png\",\"contentUrl\":\"https:\/\/www.munich-business-school.de\/insights\/wp-content\/uploads\/2018\/02\/b_MBS.png\",\"width\":567,\"height\":288,\"caption\":\"Munich Business School\"},\"image\":{\"@id\":\"https:\/\/www.munich-business-school.de\/insights\/#\/schema\/logo\/image\/\"},\"sameAs\":[\"https:\/\/www.facebook.com\/Munich.Business.School\/\",\"https:\/\/x.com\/MunichBSchool\",\"https:\/\/www.instagram.com\/munichbschool\/\",\"https:\/\/www.linkedin.com\/school\/388042\/\",\"https:\/\/www.youtube.com\/MunichBSchool\"]},{\"@type\":\"Person\",\"@id\":\"https:\/\/www.munich-business-school.de\/insights\/#\/schema\/person\/69bdbdb2c808a1956492af2820a2a820\",\"name\":\"MBS\",\"image\":{\"@type\":\"ImageObject\",\"inLanguage\":\"de\",\"@id\":\"https:\/\/www.munich-business-school.de\/insights\/#\/schema\/person\/image\/56172a01f644aa552b30b1fc7036db83\",\"url\":\"https:\/\/www.munich-business-school.de\/insights\/wp-content\/uploads\/2024\/11\/cropped-MBS-Munich-Business-School-Icon-96x96.png\",\"contentUrl\":\"https:\/\/www.munich-business-school.de\/insights\/wp-content\/uploads\/2024\/11\/cropped-MBS-Munich-Business-School-Icon-96x96.png\",\"caption\":\"MBS\"},\"url\":\"https:\/\/www.munich-business-school.de\/insights\/author\/mbs\/\"}]}<\/script>\n<!-- \/ Yoast SEO plugin. -->","yoast_head_json":{"title":"Blog Munich Business School","description":"Blog Munich Business School","robots":{"index":"index","follow":"follow","max-snippet":"max-snippet:-1","max-image-preview":"max-image-preview:large","max-video-preview":"max-video-preview:-1"},"canonical":"https:\/\/www.munich-business-school.de\/insights\/en\/2017\/25-years-25-profiles-eigner\/","og_locale":"de_DE","og_type":"article","og_title":"Blog Munich Business School","og_description":"Blog Munich Business School","og_url":"https:\/\/www.munich-business-school.de\/insights\/en\/2017\/25-years-25-profiles-eigner\/","og_site_name":"Munich Business School Insights","article_publisher":"https:\/\/www.facebook.com\/Munich.Business.School\/","article_published_time":"2017-06-20T10:21:31+00:00","og_image":[{"width":678,"height":381,"url":"https:\/\/www.munich-business-school.de\/insights\/wp-content\/uploads\/2016\/12\/25-Years-25-Profiles-en.jpg","type":"image\/jpeg"}],"author":"MBS","twitter_card":"summary_large_image","twitter_creator":"@MunichBSchool","twitter_site":"@MunichBSchool","twitter_misc":{"Verfasst von":"MBS","Gesch\u00e4tzte Lesezeit":"5\u00a0Minuten","Written by":"MBS"},"schema":{"@context":"https:\/\/schema.org","@graph":[{"@type":"Article","@id":"https:\/\/www.munich-business-school.de\/insights\/en\/2017\/25-years-25-profiles-eigner\/#article","isPartOf":{"@id":"https:\/\/www.munich-business-school.de\/insights\/en\/2017\/25-years-25-profiles-eigner\/"},"author":{"name":"MBS","@id":"https:\/\/www.munich-business-school.de\/insights\/#\/schema\/person\/69bdbdb2c808a1956492af2820a2a820"},"headline":"25 Years \u2013 25 Profiles: Annalena Eigner","datePublished":"2017-06-20T10:21:31+00:00","mainEntityOfPage":{"@id":"https:\/\/www.munich-business-school.de\/insights\/en\/2017\/25-years-25-profiles-eigner\/"},"wordCount":1040,"commentCount":0,"publisher":{"@id":"https:\/\/www.munich-business-school.de\/insights\/#organization"},"image":{"@id":"https:\/\/www.munich-business-school.de\/insights\/en\/2017\/25-years-25-profiles-eigner\/#primaryimage"},"thumbnailUrl":"https:\/\/www.munich-business-school.de\/insights\/wp-content\/uploads\/2016\/12\/25-Years-25-Profiles-en.jpg","keywords":["25 Profiles","25 Years","Annalena Eigner","Bayern-Fass","Family Business","Family Firm"],"articleSection":["Archiv","Archive"],"inLanguage":"de","potentialAction":[{"@type":"CommentAction","name":"Comment","target":["https:\/\/www.munich-business-school.de\/insights\/en\/2017\/25-years-25-profiles-eigner\/#respond"]}]},{"@type":"WebPage","@id":"https:\/\/www.munich-business-school.de\/insights\/en\/2017\/25-years-25-profiles-eigner\/","url":"https:\/\/www.munich-business-school.de\/insights\/en\/2017\/25-years-25-profiles-eigner\/","name":"Blog Munich Business School","isPartOf":{"@id":"https:\/\/www.munich-business-school.de\/insights\/#website"},"primaryImageOfPage":{"@id":"https:\/\/www.munich-business-school.de\/insights\/en\/2017\/25-years-25-profiles-eigner\/#primaryimage"},"image":{"@id":"https:\/\/www.munich-business-school.de\/insights\/en\/2017\/25-years-25-profiles-eigner\/#primaryimage"},"thumbnailUrl":"https:\/\/www.munich-business-school.de\/insights\/wp-content\/uploads\/2016\/12\/25-Years-25-Profiles-en.jpg","datePublished":"2017-06-20T10:21:31+00:00","description":"Blog Munich Business School","breadcrumb":{"@id":"https:\/\/www.munich-business-school.de\/insights\/en\/2017\/25-years-25-profiles-eigner\/#breadcrumb"},"inLanguage":"de","potentialAction":[{"@type":"ReadAction","target":["https:\/\/www.munich-business-school.de\/insights\/en\/2017\/25-years-25-profiles-eigner\/"]}]},{"@type":"ImageObject","inLanguage":"de","@id":"https:\/\/www.munich-business-school.de\/insights\/en\/2017\/25-years-25-profiles-eigner\/#primaryimage","url":"https:\/\/www.munich-business-school.de\/insights\/wp-content\/uploads\/2016\/12\/25-Years-25-Profiles-en.jpg","contentUrl":"https:\/\/www.munich-business-school.de\/insights\/wp-content\/uploads\/2016\/12\/25-Years-25-Profiles-en.jpg","width":678,"height":381,"caption":"MBS 25 Years 25 Profiles"},{"@type":"BreadcrumbList","@id":"https:\/\/www.munich-business-school.de\/insights\/en\/2017\/25-years-25-profiles-eigner\/#breadcrumb","itemListElement":[{"@type":"ListItem","position":1,"name":"Home","item":"https:\/\/www.munich-business-school.de\/insights\/en\/home\/"},{"@type":"ListItem","position":2,"name":"Archiv","item":"https:\/\/www.munich-business-school.de\/insights\/category\/archiv\/"},{"@type":"ListItem","position":3,"name":"25 Years \u2013 25 Profiles: Annalena Eigner"}]},{"@type":"WebSite","@id":"https:\/\/www.munich-business-school.de\/insights\/#website","url":"https:\/\/www.munich-business-school.de\/insights\/","name":"Munich Business School Insights","description":"Der Hochschulblog der Munich Business School: News zu Studium, Forschung, Lehre und Wirtschaft","publisher":{"@id":"https:\/\/www.munich-business-school.de\/insights\/#organization"},"potentialAction":[{"@type":"SearchAction","target":{"@type":"EntryPoint","urlTemplate":"https:\/\/www.munich-business-school.de\/insights\/?s={search_term_string}"},"query-input":{"@type":"PropertyValueSpecification","valueRequired":true,"valueName":"search_term_string"}}],"inLanguage":"de"},{"@type":"Organization","@id":"https:\/\/www.munich-business-school.de\/insights\/#organization","name":"Munich Business School","url":"https:\/\/www.munich-business-school.de\/insights\/","logo":{"@type":"ImageObject","inLanguage":"de","@id":"https:\/\/www.munich-business-school.de\/insights\/#\/schema\/logo\/image\/","url":"https:\/\/www.munich-business-school.de\/insights\/wp-content\/uploads\/2018\/02\/b_MBS.png","contentUrl":"https:\/\/www.munich-business-school.de\/insights\/wp-content\/uploads\/2018\/02\/b_MBS.png","width":567,"height":288,"caption":"Munich Business School"},"image":{"@id":"https:\/\/www.munich-business-school.de\/insights\/#\/schema\/logo\/image\/"},"sameAs":["https:\/\/www.facebook.com\/Munich.Business.School\/","https:\/\/x.com\/MunichBSchool","https:\/\/www.instagram.com\/munichbschool\/","https:\/\/www.linkedin.com\/school\/388042\/","https:\/\/www.youtube.com\/MunichBSchool"]},{"@type":"Person","@id":"https:\/\/www.munich-business-school.de\/insights\/#\/schema\/person\/69bdbdb2c808a1956492af2820a2a820","name":"MBS","image":{"@type":"ImageObject","inLanguage":"de","@id":"https:\/\/www.munich-business-school.de\/insights\/#\/schema\/person\/image\/56172a01f644aa552b30b1fc7036db83","url":"https:\/\/www.munich-business-school.de\/insights\/wp-content\/uploads\/2024\/11\/cropped-MBS-Munich-Business-School-Icon-96x96.png","contentUrl":"https:\/\/www.munich-business-school.de\/insights\/wp-content\/uploads\/2024\/11\/cropped-MBS-Munich-Business-School-Icon-96x96.png","caption":"MBS"},"url":"https:\/\/www.munich-business-school.de\/insights\/author\/mbs\/"}]}},"_links":{"self":[{"href":"https:\/\/www.munich-business-school.de\/insights\/wp-json\/wp\/v2\/posts\/7152","targetHints":{"allow":["GET"]}}],"collection":[{"href":"https:\/\/www.munich-business-school.de\/insights\/wp-json\/wp\/v2\/posts"}],"about":[{"href":"https:\/\/www.munich-business-school.de\/insights\/wp-json\/wp\/v2\/types\/post"}],"author":[{"embeddable":true,"href":"https:\/\/www.munich-business-school.de\/insights\/wp-json\/wp\/v2\/users\/26"}],"replies":[{"embeddable":true,"href":"https:\/\/www.munich-business-school.de\/insights\/wp-json\/wp\/v2\/comments?post=7152"}],"version-history":[{"count":1,"href":"https:\/\/www.munich-business-school.de\/insights\/wp-json\/wp\/v2\/posts\/7152\/revisions"}],"predecessor-version":[{"id":7153,"href":"https:\/\/www.munich-business-school.de\/insights\/wp-json\/wp\/v2\/posts\/7152\/revisions\/7153"}],"wp:featuredmedia":[{"embeddable":true,"href":"https:\/\/www.munich-business-school.de\/insights\/wp-json\/wp\/v2\/media\/5580"}],"wp:attachment":[{"href":"https:\/\/www.munich-business-school.de\/insights\/wp-json\/wp\/v2\/media?parent=7152"}],"wp:term":[{"taxonomy":"category","embeddable":true,"href":"https:\/\/www.munich-business-school.de\/insights\/wp-json\/wp\/v2\/categories?post=7152"},{"taxonomy":"post_tag","embeddable":true,"href":"https:\/\/www.munich-business-school.de\/insights\/wp-json\/wp\/v2\/tags?post=7152"},{"taxonomy":"author","embeddable":true,"href":"https:\/\/www.munich-business-school.de\/insights\/wp-json\/wp\/v2\/coauthors?post=7152"}],"curies":[{"name":"wp","href":"https:\/\/api.w.org\/{rel}","templated":true}]}}