{"id":7399,"date":"2017-08-01T14:55:39","date_gmt":"2017-08-01T12:55:39","guid":{"rendered":"http:\/\/www.munich-business-school.de\/insights\/?p=7399"},"modified":"2017-08-08T16:29:05","modified_gmt":"2017-08-08T14:29:05","slug":"unternehmerische-verantwortung-i","status":"publish","type":"post","link":"https:\/\/www.munich-business-school.de\/insights\/2017\/unternehmerische-verantwortung-i\/","title":{"rendered":"Verantwortungsvolle Managementausbildung in der Praxis (Teil 1)"},"content":{"rendered":"<h2>Die MBS unterst\u00fctzt die Principles for Responsible Management Education (PRME)<\/h2>\n<p>Als eine der ersten deutschen Wirtschaftshochschulen hat sich die Munich Business School bereits 2013 zu den Prinzipien der verantwortungsvollen Managementausbildung (<a href=\"http:\/\/www.unprme.org\/index.php\" target=\"_blank\" rel=\"noopener\">Principles for Responsible Management Education<\/a>, PRME) bekannt. Ziel der von den Vereinten Nationen gegr\u00fcndeten Initiative ist es, nachhaltige Pers\u00f6nlichkeitsbildung an Wirtschaftshochschulen weltweit zu verankern \u2013 basierend auf den <a href=\"http:\/\/www.un.org\/sustainabledevelopment\/sustainable-development-goals\/\" target=\"_blank\" rel=\"noopener\">Sustainable Development Goals<\/a> der UN. Die Mitglieder der Initiative dokumentieren ihre Fortschritte regelm\u00e4\u00dfig \u00f6ffentlich. So schaffen sie eine gemeinsame \u201elearning community\u201c f\u00fcr Hochschulen auf der ganzen Welt. Im aktuell ver\u00f6ffentlichten <a href=\"http:\/\/www.unprme.org\/reports\/MBSSIP2017.pdf\">SIP Report<\/a> (Sharing Information on Progress) dokumentiert die Munich Business School ihre vielf\u00e4ltigen Aktivit\u00e4ten auf diesem Gebiet.<\/p>\n<h3>\u201eTue Gutes und rede dar\u00fcber\u201c ist nicht mehr genug<\/h3>\n<p>In einem <a href=\"http:\/\/www.munich-business-school.de\/insights\/2015\/conscious-business\/\">Blog-Beitrag<\/a> hat MBS Professor Dr. Christian Schmidkonz veranschaulicht, warum \u201eConscious Business\u201c \u2013 Unternehmertum zum Wohle von \u201epeople, planet, and profit\u201c \u2013 die Zukunft geh\u00f6ren muss. MBS Professorin und Social-Entrepreneurship-Expertin Dr. Barbara Scheck hat sich in \u00e4hnlicher Weise <a href=\"http:\/\/www.munich-business-school.de\/insights\/2016\/soziale-innovation\/\">mit dem Thema auseinandergesetzt<\/a>.<\/p>\n<figure id=\"attachment_5555\" aria-describedby=\"caption-attachment-5555\" style=\"width: 678px\" class=\"wp-caption aligncenter\"><a href=\"http:\/\/www.munich-business-school.de\/insights\/wp-content\/uploads\/2016\/12\/MBS-Social-Innovation-1.jpg\"><img loading=\"lazy\" decoding=\"async\" class=\"size-full wp-image-5555\" src=\"http:\/\/www.munich-business-school.de\/insights\/wp-content\/uploads\/2016\/12\/MBS-Social-Innovation-1.jpg\" alt=\"MBS Social Innovation\" width=\"678\" height=\"381\" srcset=\"https:\/\/www.munich-business-school.de\/insights\/wp-content\/uploads\/2016\/12\/MBS-Social-Innovation-1.jpg 678w, https:\/\/www.munich-business-school.de\/insights\/wp-content\/uploads\/2016\/12\/MBS-Social-Innovation-1-300x169.jpg 300w\" sizes=\"auto, (max-width: 678px) 100vw, 678px\" \/><\/a><figcaption id=\"caption-attachment-5555\" class=\"wp-caption-text\">\u00a9 patpitchaya \u2013 iStock.com<\/figcaption><\/figure>\n<p>Und tats\u00e4chlich: Vor allem seit der weltweiten Finanzkrise 2007 hat die Forderung nach sozialem und verantwortungsbewusstem Unternehmertum in der \u00f6ffentlichen Wahrnehmung eine noch st\u00e4rkere Aufmerksamkeit erhalten. Zahlreiche weitere unternehmerische Verst\u00f6\u00dfe gegen Ethik und Moral wie beispielsweise die Dieselgate-Aff\u00e4re um Volkswagen und weitere Automobilhersteller oder die j\u00fcngsten Sexismus-Skandale in den Innovationsschmieden des Silicon Valley zeigen: Es ist h\u00f6chste Zeit f\u00fcr einen Wandel hin zu sozialem und verantwortungsvollem unternehmerischen Handeln.<\/p>\n<p>Lange Zeit war es f\u00fcr Unternehmen noch ausreichend, ihre soziale Verantwortung durch mehr oder weniger intrinsisch motivierte Corporate-Social-Responsibility-Aktivit\u00e4ten zu \u201ebeweisen\u201c. Die Glaubw\u00fcrdigkeit dieses oft als reines \u201eGreenwashing\u201c betriebenen Gebarens \u2013 ganz im Sinne des viel zitierten PR-Credos \u201eTue Gutes und rede dar\u00fcber\u201c \u2013 schwindet jedoch zunehmend.<\/p>\n<p>MBS Bachelor-Absolvent Ahmad Khudir hat sich <a href=\"http:\/\/www.munich-business-school.de\/insights\/2016\/wird-wer-gutes-tut-auch-gutes-ernten\/\">in seiner Abschlussarbeit<\/a> mit der Frage besch\u00e4ftigt, wie CSR die Kaufentscheidung von Kunden beeinflusst: Der Verbraucher des 21. Jahrhunderts ist, unter anderem durch den Austausch in den sozialen Medien und hohe Medientransparenz, aufgekl\u00e4rt und gut informiert. Er legt Wert auf ethisch korrektes Verhalten von Unternehmen, deren Produkte und Dienstleistungen er kauft. Schlie\u00dflich werden Unternehmen heute als wichtige Teilhaber am gesellschaftlichen Leben begriffen, was sich auch im Konzept des \u201eCorporate Citizenships\u201c, des Unternehmens als B\u00fcrger, ausdr\u00fcckt. Das erfordert ein neues Denken bei Unternehmern und <a href=\"http:\/\/www.munich-business-school.de\/insights\/2015\/nachhaltigkeit-als-unternehmerische-verantwortung\/\">neue Management-Modelle<\/a>.<\/p>\n<h3>Die Unternehmer von morgen setzen schon heute auf Nachhaltigkeit<\/h3>\n<p>Moderne Unternehmer haben diese Entwicklung erkannt und verstanden. Sie gr\u00fcnden sogenannte \u201eSocial Businesses\u201c, Unternehmen, die die L\u00f6sung sozialer und\/oder \u00f6kologischer Probleme in gleicher Weise anstreben wie den kommerziellen Erfolg.<\/p>\n<p>Als Beispiel sei das Unternehmen Fairphone genannt, das Mobiltelefone unter fairen Arbeits- und Umweltbedingungen und aus fair gehandelten und konfliktfreien Rohstoffen herstellt. Man erinnere sich in diesem Zusammenhang an den Foxconn-Skandal, der Apple im Jahr 2010 in Erkl\u00e4rungsn\u00f6te brachte. Unternehmen wie Fairphone zeigen, dass solche Vorkommnisse vermeidbar sind, wenn man sie denn vermeiden will.<\/p>\n<p>Weitere Beispiele f\u00fcr die zunehmende Orientierung in Richtung unternehmerische Nachhaltigkeit und Verantwortung sind \u201eSocially Responsible Investing\u201c (SRI) und \u201eImpact Investing\u201c (IMPIN). Diese Investitionsstrategien bauen auf Investments in solche Unternehmen, die \u00fcber eine gute Balance zwischen Unternehmensf\u00fchrung und Responsibility-Faktoren verf\u00fcgen (die MBS Professoren Dr. Christian Schmidkonz und Dr. Wolfgang Zirus haben sich <a href=\"http:\/\/www.munich-business-school.de\/insights\/2016\/impact-investing-2\/\">in einer Blogserie<\/a> n\u00e4her mit Impact Investing besch\u00e4ftigt).<\/p>\n<p>Auch die sogenannten \u201eSocial Banks\u201c gewinnen an Popularit\u00e4t: Sie vergeben Kredite transparent und ausschlie\u00dflich an Organisationen, deren unternehmerische T\u00e4tigkeit auf Nachhaltigkeit basiert. In Zeiten sinkenden Vertrauens in die Geldinstitute (und deren Akteure) ein wichtiges Kriterium f\u00fcr viele Verbraucher.<\/p>\n<h3>Wir engagieren uns f\u00fcr die Prinzipien verantwortungsvollen Unternehmertums<\/h3>\n<p>F\u00fcr uns als moderne Wirtschaftshochschule bedeutet das: Es darf nicht alleine unsere Aufgabe sein, unseren Studierenden betriebswirtschaftliches Fachwissen zu vermitteln und ihnen Methoden mit auf den Weg zu geben, dieses Wissen in der Praxis erfolgreich anzuwenden; mindestens genauso wichtig ist es, unsere Studierenden in ihrer Entwicklung hin zu verantwortungsvollen (Unternehmer-)Pers\u00f6nlichkeiten zu unterst\u00fctzen und sie bereits w\u00e4hrend ihrer Ausbildung f\u00fcr Themen wie Nachhaltigkeit und soziale Verantwortung zu sensibilisieren. Nur so werden sie in ihrem sp\u00e4teren Berufsleben \u2013 ob als Manager oder Gr\u00fcnder \u2013 erfolgreich sein und vor allem: ihren Beitrag zu einer besseren Welt leisten k\u00f6nnen.<\/p>\n<p><a href=\"http:\/\/www.munich-business-school.de\/insights\/wp-content\/uploads\/2017\/03\/MBS-Werte_de.jpg\"><img loading=\"lazy\" decoding=\"async\" class=\"aligncenter wp-image-6234\" src=\"http:\/\/www.munich-business-school.de\/insights\/wp-content\/uploads\/2017\/03\/MBS-Werte_de.jpg\" alt=\"MBS Werte\" width=\"462\" height=\"470\" srcset=\"https:\/\/www.munich-business-school.de\/insights\/wp-content\/uploads\/2017\/03\/MBS-Werte_de.jpg 924w, https:\/\/www.munich-business-school.de\/insights\/wp-content\/uploads\/2017\/03\/MBS-Werte_de-197x200.jpg 197w, https:\/\/www.munich-business-school.de\/insights\/wp-content\/uploads\/2017\/03\/MBS-Werte_de-32x32.jpg 32w, https:\/\/www.munich-business-school.de\/insights\/wp-content\/uploads\/2017\/03\/MBS-Werte_de-50x50.jpg 50w, https:\/\/www.munich-business-school.de\/insights\/wp-content\/uploads\/2017\/03\/MBS-Werte_de-64x64.jpg 64w\" sizes=\"auto, (max-width: 462px) 100vw, 462px\" \/><\/a><\/p>\n<p>Folgerichtig ist das verantwortliche unternehmerische Handeln eine der tragenden S\u00e4ulen der akademischen Ausbildung an der Munich Business School. Es ist Teil unseres Claims (\u201eInnovativ \u2013 Verantwortungsbewusst \u2013 Weltoffen\u201c) und unserer <a href=\"https:\/\/www.munich-business-school.de\/de\/hochschule\/warum-munich-business-school.html\">Vision, Mission und Werte<\/a> (mehr dazu im Blog-Beitrag <a href=\"http:\/\/www.munich-business-school.de\/insights\/2017\/vision-mission-werte\/\">\u201eWof\u00fcr wir stehen, wohin wir gehen: Die neue Vision, Mission und Werte der Munich Business School\u201c<\/a>).<\/p>\n<p><em>Teil 2: <a href=\"http:\/\/www.munich-business-school.de\/insights\/2017\/unternehmerische-verantwortung-ii\/\">Unternehmerische Verantwortung in der Forschung, den Curricula und den au\u00dfercurricularen Aktivit\u00e4ten der MBS<\/a><br \/>\n<\/em><\/p>\n","protected":false},"excerpt":{"rendered":"<div class=\"mh-excerpt\"><p>Die MBS unterst\u00fctzt die Principles for Responsible Management Education (PRME) Als eine der ersten deutschen Wirtschaftshochschulen hat sich die Munich Business School bereits 2013 zu den Prinzipien der verantwortungsvollen Managementausbildung (Principles for Responsible Management Education, <a class=\"mh-excerpt-more\" href=\"https:\/\/www.munich-business-school.de\/insights\/2017\/unternehmerische-verantwortung-i\/\" title=\"Verantwortungsvolle Managementausbildung in der Praxis (Teil 1)\">[&#8230;]<\/a><\/p>\n<\/div>","protected":false},"author":2,"featured_media":7417,"comment_status":"open","ping_status":"closed","sticky":false,"template":"","format":"standard","meta":{"footnotes":""},"categories":[10430,10432],"tags":[207,5598,5045,434,5586,2520,4600,617,3697,4195],"coauthors":[2306],"class_list":["post-7399","post","type-post","status-publish","format-standard","has-post-thumbnail","hentry","category-archiv","category-archive","tag-conscious-business","tag-managementausbildung","tag-mission","tag-nachhaltigkeit","tag-prme-de","tag-social-entrepreneurship-de","tag-soziales-unternehmertum","tag-unternehmerische-verantwortung","tag-verantwortung","tag-werte"],"yoast_head":"<!-- This site is optimized with the Yoast SEO plugin v27.1.1 - https:\/\/yoast.com\/product\/yoast-seo-wordpress\/ -->\n<title>Verantwortungsvolle Managementausbildung in der Praxis<\/title>\n<meta name=\"description\" content=\"Die Munich Business School hat sich bereits 2013 zu den Prinzipien der verantwortungsvollen Managementausbildung (PRME) bekannt.\" \/>\n<meta name=\"robots\" content=\"index, follow, max-snippet:-1, max-image-preview:large, max-video-preview:-1\" \/>\n<link rel=\"canonical\" href=\"https:\/\/www.munich-business-school.de\/insights\/2017\/unternehmerische-verantwortung-i\/\" \/>\n<meta property=\"og:locale\" content=\"de_DE\" \/>\n<meta property=\"og:type\" content=\"article\" \/>\n<meta property=\"og:title\" content=\"Verantwortungsvolle Managementausbildung in der Praxis\" \/>\n<meta property=\"og:description\" content=\"Die Munich Business School hat sich bereits 2013 zu den Prinzipien der verantwortungsvollen Managementausbildung (PRME) bekannt.\" \/>\n<meta property=\"og:url\" content=\"https:\/\/www.munich-business-school.de\/insights\/2017\/unternehmerische-verantwortung-i\/\" \/>\n<meta property=\"og:site_name\" content=\"Munich Business School Insights\" \/>\n<meta property=\"article:publisher\" content=\"https:\/\/www.facebook.com\/Munich.Business.School\/\" \/>\n<meta property=\"article:published_time\" content=\"2017-08-01T12:55:39+00:00\" \/>\n<meta property=\"article:modified_time\" content=\"2017-08-08T14:29:05+00:00\" \/>\n<meta property=\"og:image\" content=\"https:\/\/www.munich-business-school.de\/insights\/wp-content\/uploads\/2017\/07\/MBS-PRME-logo.jpg\" \/>\n\t<meta property=\"og:image:width\" content=\"1024\" \/>\n\t<meta property=\"og:image:height\" content=\"576\" \/>\n\t<meta property=\"og:image:type\" content=\"image\/jpeg\" \/>\n<meta name=\"author\" content=\"Prof. Dr. Stefan Baldi\" \/>\n<meta name=\"twitter:card\" content=\"summary_large_image\" \/>\n<meta name=\"twitter:creator\" content=\"@MunichBSchool\" \/>\n<meta name=\"twitter:site\" content=\"@MunichBSchool\" \/>\n<meta name=\"twitter:label1\" content=\"Verfasst von\" \/>\n\t<meta name=\"twitter:data1\" content=\"Prof. Dr. Stefan Baldi\" \/>\n\t<meta name=\"twitter:label2\" content=\"Gesch\u00e4tzte Lesezeit\" \/>\n\t<meta name=\"twitter:data2\" content=\"4\u00a0Minuten\" \/>\n\t<meta name=\"twitter:label3\" content=\"Written by\" \/>\n\t<meta name=\"twitter:data3\" content=\"Prof. Dr. Stefan Baldi\" \/>\n<script type=\"application\/ld+json\" class=\"yoast-schema-graph\">{\"@context\":\"https:\/\/schema.org\",\"@graph\":[{\"@type\":\"Article\",\"@id\":\"https:\/\/www.munich-business-school.de\/insights\/2017\/unternehmerische-verantwortung-i\/#article\",\"isPartOf\":{\"@id\":\"https:\/\/www.munich-business-school.de\/insights\/2017\/unternehmerische-verantwortung-i\/\"},\"author\":{\"name\":\"Prof. Dr. Stefan Baldi\",\"@id\":\"https:\/\/www.munich-business-school.de\/insights\/#\/schema\/person\/46a765291927ab9692e6423039e00c47\"},\"headline\":\"Verantwortungsvolle Managementausbildung in der Praxis (Teil 1)\",\"datePublished\":\"2017-08-01T12:55:39+00:00\",\"dateModified\":\"2017-08-08T14:29:05+00:00\",\"mainEntityOfPage\":{\"@id\":\"https:\/\/www.munich-business-school.de\/insights\/2017\/unternehmerische-verantwortung-i\/\"},\"wordCount\":779,\"commentCount\":0,\"publisher\":{\"@id\":\"https:\/\/www.munich-business-school.de\/insights\/#organization\"},\"image\":{\"@id\":\"https:\/\/www.munich-business-school.de\/insights\/2017\/unternehmerische-verantwortung-i\/#primaryimage\"},\"thumbnailUrl\":\"https:\/\/www.munich-business-school.de\/insights\/wp-content\/uploads\/2017\/07\/MBS-PRME-logo.jpg\",\"keywords\":[\"Conscious Business\",\"Managementausbildung\",\"Mission\",\"Nachhaltigkeit\",\"PRME\",\"Social Entrepreneurship\",\"Soziales Unternehmertum\",\"Unternehmerische Verantwortung\",\"Verantwortung\",\"Werte\"],\"articleSection\":[\"Archiv\",\"Archive\"],\"inLanguage\":\"de\",\"potentialAction\":[{\"@type\":\"CommentAction\",\"name\":\"Comment\",\"target\":[\"https:\/\/www.munich-business-school.de\/insights\/2017\/unternehmerische-verantwortung-i\/#respond\"]}]},{\"@type\":\"WebPage\",\"@id\":\"https:\/\/www.munich-business-school.de\/insights\/2017\/unternehmerische-verantwortung-i\/\",\"url\":\"https:\/\/www.munich-business-school.de\/insights\/2017\/unternehmerische-verantwortung-i\/\",\"name\":\"Verantwortungsvolle Managementausbildung in der Praxis\",\"isPartOf\":{\"@id\":\"https:\/\/www.munich-business-school.de\/insights\/#website\"},\"primaryImageOfPage\":{\"@id\":\"https:\/\/www.munich-business-school.de\/insights\/2017\/unternehmerische-verantwortung-i\/#primaryimage\"},\"image\":{\"@id\":\"https:\/\/www.munich-business-school.de\/insights\/2017\/unternehmerische-verantwortung-i\/#primaryimage\"},\"thumbnailUrl\":\"https:\/\/www.munich-business-school.de\/insights\/wp-content\/uploads\/2017\/07\/MBS-PRME-logo.jpg\",\"datePublished\":\"2017-08-01T12:55:39+00:00\",\"dateModified\":\"2017-08-08T14:29:05+00:00\",\"description\":\"Die Munich Business School hat sich bereits 2013 zu den Prinzipien der verantwortungsvollen Managementausbildung (PRME) bekannt.\",\"breadcrumb\":{\"@id\":\"https:\/\/www.munich-business-school.de\/insights\/2017\/unternehmerische-verantwortung-i\/#breadcrumb\"},\"inLanguage\":\"de\",\"potentialAction\":[{\"@type\":\"ReadAction\",\"target\":[\"https:\/\/www.munich-business-school.de\/insights\/2017\/unternehmerische-verantwortung-i\/\"]}]},{\"@type\":\"ImageObject\",\"inLanguage\":\"de\",\"@id\":\"https:\/\/www.munich-business-school.de\/insights\/2017\/unternehmerische-verantwortung-i\/#primaryimage\",\"url\":\"https:\/\/www.munich-business-school.de\/insights\/wp-content\/uploads\/2017\/07\/MBS-PRME-logo.jpg\",\"contentUrl\":\"https:\/\/www.munich-business-school.de\/insights\/wp-content\/uploads\/2017\/07\/MBS-PRME-logo.jpg\",\"width\":1024,\"height\":576,\"caption\":\"MBS PRME\"},{\"@type\":\"BreadcrumbList\",\"@id\":\"https:\/\/www.munich-business-school.de\/insights\/2017\/unternehmerische-verantwortung-i\/#breadcrumb\",\"itemListElement\":[{\"@type\":\"ListItem\",\"position\":1,\"name\":\"Home\",\"item\":\"https:\/\/www.munich-business-school.de\/insights\/en\/home\/\"},{\"@type\":\"ListItem\",\"position\":2,\"name\":\"Beitragsart\",\"item\":\"https:\/\/www.munich-business-school.de\/insights\/category\/beitragsart\/\"},{\"@type\":\"ListItem\",\"position\":3,\"name\":\"MBS Business Blog\",\"item\":\"https:\/\/www.munich-business-school.de\/insights\/category\/beitragsart\/mbs-business-blog-de\/\"},{\"@type\":\"ListItem\",\"position\":4,\"name\":\"Verantwortungsvolle Managementausbildung in der Praxis (Teil 1)\"}]},{\"@type\":\"WebSite\",\"@id\":\"https:\/\/www.munich-business-school.de\/insights\/#website\",\"url\":\"https:\/\/www.munich-business-school.de\/insights\/\",\"name\":\"Munich Business School Insights\",\"description\":\"Der Hochschulblog der Munich Business School: News zu Studium, Forschung, Lehre und Wirtschaft\",\"publisher\":{\"@id\":\"https:\/\/www.munich-business-school.de\/insights\/#organization\"},\"potentialAction\":[{\"@type\":\"SearchAction\",\"target\":{\"@type\":\"EntryPoint\",\"urlTemplate\":\"https:\/\/www.munich-business-school.de\/insights\/?s={search_term_string}\"},\"query-input\":{\"@type\":\"PropertyValueSpecification\",\"valueRequired\":true,\"valueName\":\"search_term_string\"}}],\"inLanguage\":\"de\"},{\"@type\":\"Organization\",\"@id\":\"https:\/\/www.munich-business-school.de\/insights\/#organization\",\"name\":\"Munich Business School\",\"url\":\"https:\/\/www.munich-business-school.de\/insights\/\",\"logo\":{\"@type\":\"ImageObject\",\"inLanguage\":\"de\",\"@id\":\"https:\/\/www.munich-business-school.de\/insights\/#\/schema\/logo\/image\/\",\"url\":\"https:\/\/www.munich-business-school.de\/insights\/wp-content\/uploads\/2018\/02\/b_MBS.png\",\"contentUrl\":\"https:\/\/www.munich-business-school.de\/insights\/wp-content\/uploads\/2018\/02\/b_MBS.png\",\"width\":567,\"height\":288,\"caption\":\"Munich Business School\"},\"image\":{\"@id\":\"https:\/\/www.munich-business-school.de\/insights\/#\/schema\/logo\/image\/\"},\"sameAs\":[\"https:\/\/www.facebook.com\/Munich.Business.School\/\",\"https:\/\/x.com\/MunichBSchool\",\"https:\/\/www.instagram.com\/munichbschool\/\",\"https:\/\/www.linkedin.com\/school\/388042\/\",\"https:\/\/www.youtube.com\/MunichBSchool\"]},{\"@type\":\"Person\",\"@id\":\"https:\/\/www.munich-business-school.de\/insights\/#\/schema\/person\/46a765291927ab9692e6423039e00c47\",\"name\":\"Prof. Dr. Stefan Baldi\",\"image\":{\"@type\":\"ImageObject\",\"inLanguage\":\"de\",\"@id\":\"https:\/\/www.munich-business-school.de\/insights\/#\/schema\/person\/image\/ca80ec0626cb3ec86fdd7df4879a48ef\",\"url\":\"http:\/\/www.munich-business-school.de\/insights\/wp-content\/uploads\/2015\/12\/Baldi_klein-436x290-1-96x96.jpg\",\"contentUrl\":\"http:\/\/www.munich-business-school.de\/insights\/wp-content\/uploads\/2015\/12\/Baldi_klein-436x290-1-96x96.jpg\",\"caption\":\"Prof. Dr. Stefan Baldi\"},\"description\":\"Prof. Stefan Baldi ist Dekan der Munich Business School seit M\u00e4rz 2002. 1984 bis 1990 Studium der Informatik an der TU Clausthal und dem Karlsruher Institut f\u00fcr Technologie (Diplom-Informatiker), 1996 Promotion zum Dr. rer. pol. in Betriebswirtschaftslehre an der TU Ilmenau. Von 1990 bis 2002 wissenschaftlicher Mitarbeiter und Dozent an der EBS Universit\u00e4t f\u00fcr Wirtschaft und Recht in Oestrich-Winkel sowie selbst\u00e4ndiger Berater und Trainer im Bereich Informationssysteme.\",\"url\":\"https:\/\/www.munich-business-school.de\/insights\/author\/baldis\/\"}]}<\/script>\n<!-- \/ Yoast SEO plugin. -->","yoast_head_json":{"title":"Verantwortungsvolle Managementausbildung in der Praxis","description":"Die Munich Business School hat sich bereits 2013 zu den Prinzipien der verantwortungsvollen Managementausbildung (PRME) bekannt.","robots":{"index":"index","follow":"follow","max-snippet":"max-snippet:-1","max-image-preview":"max-image-preview:large","max-video-preview":"max-video-preview:-1"},"canonical":"https:\/\/www.munich-business-school.de\/insights\/2017\/unternehmerische-verantwortung-i\/","og_locale":"de_DE","og_type":"article","og_title":"Verantwortungsvolle Managementausbildung in der Praxis","og_description":"Die Munich Business School hat sich bereits 2013 zu den Prinzipien der verantwortungsvollen Managementausbildung (PRME) bekannt.","og_url":"https:\/\/www.munich-business-school.de\/insights\/2017\/unternehmerische-verantwortung-i\/","og_site_name":"Munich Business School Insights","article_publisher":"https:\/\/www.facebook.com\/Munich.Business.School\/","article_published_time":"2017-08-01T12:55:39+00:00","article_modified_time":"2017-08-08T14:29:05+00:00","og_image":[{"width":1024,"height":576,"url":"https:\/\/www.munich-business-school.de\/insights\/wp-content\/uploads\/2017\/07\/MBS-PRME-logo.jpg","type":"image\/jpeg"}],"author":"Prof. Dr. Stefan Baldi","twitter_card":"summary_large_image","twitter_creator":"@MunichBSchool","twitter_site":"@MunichBSchool","twitter_misc":{"Verfasst von":"Prof. Dr. Stefan Baldi","Gesch\u00e4tzte Lesezeit":"4\u00a0Minuten","Written by":"Prof. Dr. Stefan Baldi"},"schema":{"@context":"https:\/\/schema.org","@graph":[{"@type":"Article","@id":"https:\/\/www.munich-business-school.de\/insights\/2017\/unternehmerische-verantwortung-i\/#article","isPartOf":{"@id":"https:\/\/www.munich-business-school.de\/insights\/2017\/unternehmerische-verantwortung-i\/"},"author":{"name":"Prof. Dr. Stefan Baldi","@id":"https:\/\/www.munich-business-school.de\/insights\/#\/schema\/person\/46a765291927ab9692e6423039e00c47"},"headline":"Verantwortungsvolle Managementausbildung in der Praxis (Teil 1)","datePublished":"2017-08-01T12:55:39+00:00","dateModified":"2017-08-08T14:29:05+00:00","mainEntityOfPage":{"@id":"https:\/\/www.munich-business-school.de\/insights\/2017\/unternehmerische-verantwortung-i\/"},"wordCount":779,"commentCount":0,"publisher":{"@id":"https:\/\/www.munich-business-school.de\/insights\/#organization"},"image":{"@id":"https:\/\/www.munich-business-school.de\/insights\/2017\/unternehmerische-verantwortung-i\/#primaryimage"},"thumbnailUrl":"https:\/\/www.munich-business-school.de\/insights\/wp-content\/uploads\/2017\/07\/MBS-PRME-logo.jpg","keywords":["Conscious Business","Managementausbildung","Mission","Nachhaltigkeit","PRME","Social Entrepreneurship","Soziales Unternehmertum","Unternehmerische Verantwortung","Verantwortung","Werte"],"articleSection":["Archiv","Archive"],"inLanguage":"de","potentialAction":[{"@type":"CommentAction","name":"Comment","target":["https:\/\/www.munich-business-school.de\/insights\/2017\/unternehmerische-verantwortung-i\/#respond"]}]},{"@type":"WebPage","@id":"https:\/\/www.munich-business-school.de\/insights\/2017\/unternehmerische-verantwortung-i\/","url":"https:\/\/www.munich-business-school.de\/insights\/2017\/unternehmerische-verantwortung-i\/","name":"Verantwortungsvolle Managementausbildung in der Praxis","isPartOf":{"@id":"https:\/\/www.munich-business-school.de\/insights\/#website"},"primaryImageOfPage":{"@id":"https:\/\/www.munich-business-school.de\/insights\/2017\/unternehmerische-verantwortung-i\/#primaryimage"},"image":{"@id":"https:\/\/www.munich-business-school.de\/insights\/2017\/unternehmerische-verantwortung-i\/#primaryimage"},"thumbnailUrl":"https:\/\/www.munich-business-school.de\/insights\/wp-content\/uploads\/2017\/07\/MBS-PRME-logo.jpg","datePublished":"2017-08-01T12:55:39+00:00","dateModified":"2017-08-08T14:29:05+00:00","description":"Die Munich Business School hat sich bereits 2013 zu den Prinzipien der verantwortungsvollen Managementausbildung (PRME) bekannt.","breadcrumb":{"@id":"https:\/\/www.munich-business-school.de\/insights\/2017\/unternehmerische-verantwortung-i\/#breadcrumb"},"inLanguage":"de","potentialAction":[{"@type":"ReadAction","target":["https:\/\/www.munich-business-school.de\/insights\/2017\/unternehmerische-verantwortung-i\/"]}]},{"@type":"ImageObject","inLanguage":"de","@id":"https:\/\/www.munich-business-school.de\/insights\/2017\/unternehmerische-verantwortung-i\/#primaryimage","url":"https:\/\/www.munich-business-school.de\/insights\/wp-content\/uploads\/2017\/07\/MBS-PRME-logo.jpg","contentUrl":"https:\/\/www.munich-business-school.de\/insights\/wp-content\/uploads\/2017\/07\/MBS-PRME-logo.jpg","width":1024,"height":576,"caption":"MBS PRME"},{"@type":"BreadcrumbList","@id":"https:\/\/www.munich-business-school.de\/insights\/2017\/unternehmerische-verantwortung-i\/#breadcrumb","itemListElement":[{"@type":"ListItem","position":1,"name":"Home","item":"https:\/\/www.munich-business-school.de\/insights\/en\/home\/"},{"@type":"ListItem","position":2,"name":"Beitragsart","item":"https:\/\/www.munich-business-school.de\/insights\/category\/beitragsart\/"},{"@type":"ListItem","position":3,"name":"MBS Business Blog","item":"https:\/\/www.munich-business-school.de\/insights\/category\/beitragsart\/mbs-business-blog-de\/"},{"@type":"ListItem","position":4,"name":"Verantwortungsvolle Managementausbildung in der Praxis (Teil 1)"}]},{"@type":"WebSite","@id":"https:\/\/www.munich-business-school.de\/insights\/#website","url":"https:\/\/www.munich-business-school.de\/insights\/","name":"Munich Business School Insights","description":"Der Hochschulblog der Munich Business School: News zu Studium, Forschung, Lehre und Wirtschaft","publisher":{"@id":"https:\/\/www.munich-business-school.de\/insights\/#organization"},"potentialAction":[{"@type":"SearchAction","target":{"@type":"EntryPoint","urlTemplate":"https:\/\/www.munich-business-school.de\/insights\/?s={search_term_string}"},"query-input":{"@type":"PropertyValueSpecification","valueRequired":true,"valueName":"search_term_string"}}],"inLanguage":"de"},{"@type":"Organization","@id":"https:\/\/www.munich-business-school.de\/insights\/#organization","name":"Munich Business School","url":"https:\/\/www.munich-business-school.de\/insights\/","logo":{"@type":"ImageObject","inLanguage":"de","@id":"https:\/\/www.munich-business-school.de\/insights\/#\/schema\/logo\/image\/","url":"https:\/\/www.munich-business-school.de\/insights\/wp-content\/uploads\/2018\/02\/b_MBS.png","contentUrl":"https:\/\/www.munich-business-school.de\/insights\/wp-content\/uploads\/2018\/02\/b_MBS.png","width":567,"height":288,"caption":"Munich Business School"},"image":{"@id":"https:\/\/www.munich-business-school.de\/insights\/#\/schema\/logo\/image\/"},"sameAs":["https:\/\/www.facebook.com\/Munich.Business.School\/","https:\/\/x.com\/MunichBSchool","https:\/\/www.instagram.com\/munichbschool\/","https:\/\/www.linkedin.com\/school\/388042\/","https:\/\/www.youtube.com\/MunichBSchool"]},{"@type":"Person","@id":"https:\/\/www.munich-business-school.de\/insights\/#\/schema\/person\/46a765291927ab9692e6423039e00c47","name":"Prof. Dr. Stefan Baldi","image":{"@type":"ImageObject","inLanguage":"de","@id":"https:\/\/www.munich-business-school.de\/insights\/#\/schema\/person\/image\/ca80ec0626cb3ec86fdd7df4879a48ef","url":"http:\/\/www.munich-business-school.de\/insights\/wp-content\/uploads\/2015\/12\/Baldi_klein-436x290-1-96x96.jpg","contentUrl":"http:\/\/www.munich-business-school.de\/insights\/wp-content\/uploads\/2015\/12\/Baldi_klein-436x290-1-96x96.jpg","caption":"Prof. Dr. Stefan Baldi"},"description":"Prof. Stefan Baldi ist Dekan der Munich Business School seit M\u00e4rz 2002. 1984 bis 1990 Studium der Informatik an der TU Clausthal und dem Karlsruher Institut f\u00fcr Technologie (Diplom-Informatiker), 1996 Promotion zum Dr. rer. pol. in Betriebswirtschaftslehre an der TU Ilmenau. Von 1990 bis 2002 wissenschaftlicher Mitarbeiter und Dozent an der EBS Universit\u00e4t f\u00fcr Wirtschaft und Recht in Oestrich-Winkel sowie selbst\u00e4ndiger Berater und Trainer im Bereich Informationssysteme.","url":"https:\/\/www.munich-business-school.de\/insights\/author\/baldis\/"}]}},"_links":{"self":[{"href":"https:\/\/www.munich-business-school.de\/insights\/wp-json\/wp\/v2\/posts\/7399","targetHints":{"allow":["GET"]}}],"collection":[{"href":"https:\/\/www.munich-business-school.de\/insights\/wp-json\/wp\/v2\/posts"}],"about":[{"href":"https:\/\/www.munich-business-school.de\/insights\/wp-json\/wp\/v2\/types\/post"}],"author":[{"embeddable":true,"href":"https:\/\/www.munich-business-school.de\/insights\/wp-json\/wp\/v2\/users\/2"}],"replies":[{"embeddable":true,"href":"https:\/\/www.munich-business-school.de\/insights\/wp-json\/wp\/v2\/comments?post=7399"}],"version-history":[{"count":8,"href":"https:\/\/www.munich-business-school.de\/insights\/wp-json\/wp\/v2\/posts\/7399\/revisions"}],"predecessor-version":[{"id":7463,"href":"https:\/\/www.munich-business-school.de\/insights\/wp-json\/wp\/v2\/posts\/7399\/revisions\/7463"}],"wp:featuredmedia":[{"embeddable":true,"href":"https:\/\/www.munich-business-school.de\/insights\/wp-json\/wp\/v2\/media\/7417"}],"wp:attachment":[{"href":"https:\/\/www.munich-business-school.de\/insights\/wp-json\/wp\/v2\/media?parent=7399"}],"wp:term":[{"taxonomy":"category","embeddable":true,"href":"https:\/\/www.munich-business-school.de\/insights\/wp-json\/wp\/v2\/categories?post=7399"},{"taxonomy":"post_tag","embeddable":true,"href":"https:\/\/www.munich-business-school.de\/insights\/wp-json\/wp\/v2\/tags?post=7399"},{"taxonomy":"author","embeddable":true,"href":"https:\/\/www.munich-business-school.de\/insights\/wp-json\/wp\/v2\/coauthors?post=7399"}],"curies":[{"name":"wp","href":"https:\/\/api.w.org\/{rel}","templated":true}]}}